{"id":98,"date":"2007-11-13T07:26:52","date_gmt":"2007-11-13T07:26:52","guid":{"rendered":"https:\/\/cegrad.org\/index.php\/2007\/11\/13\/smanjenje-pdv-a-na-bebi-ode-opremu-i-hranu\/"},"modified":"2007-11-13T07:26:52","modified_gmt":"2007-11-13T07:26:52","slug":"smanjenje-pdv-a-na-bebi-ode-opremu-i-hranu","status":"publish","type":"post","link":"https:\/\/cegrad.org\/index.php\/2007\/11\/13\/smanjenje-pdv-a-na-bebi-ode-opremu-i-hranu\/","title":{"rendered":"Smanjenje PDV-a na bebi ode\u0107u, opremu i hranu"},"content":{"rendered":"<p><img loading=\"lazy\" decoding=\"async\" src=\"http:\/\/www.youth.rs\/images\/stories\/IV\/book8.jpeg\" alt=\" \" width=\"100\" height=\"100\" align=\"left\" \/><strong>Molba za hitan prijem na razgovor<\/strong> <\/p>\n<p>Uva\u017eeni premijeru. <\/p>\n<p>Prinu\u0111eni smo da Vam se obratimo zbog pora\u017eavaju\u0107e \u010dinjenice da smo kao roditelji, gra\u0111ani ove zemlje najgrublje prevareni obe\u0107anjima pojedinih ministara i politi\u010dara da \u0107e se u bud\u017eetu za 2008. godinu prona\u0107i mesto za bebe smanjenjem PDV-a na bebi ode\u0107u, opremu i hranu.<\/p>\n<p><!--more--><\/p>\n<p>Podse\u0107amo Vas da smo koriste\u0107i svoja gra\u0111anska prava u junu mesecu pokrenuli inicijativu za ukidanje bebi PDVa kada je za samo 20 sati prikupljeno vi&scaron;e od 40000 potpisa roditelja i gra\u0111ana revoltiranih \u010dinjenicom da su ode\u0107a, oprema i hrana za bebe daleko skuplje nego u zemljama sa vi&scaron;im \u017eivotnim standardom.<\/p>\n<p>Podse\u0107amo Vas da su tada gra\u0111ani jasno stavili do znanja da im je najja\u010da ideologija, ideologija brige za svoju decu i porodicu i da, kada su u pitanju njihova deca, ne\u0107e praviti kompromise.<\/p>\n<p>Me\u0111utim, tada nam je re\u010deno da smo se kasno javili sa inicijativom i da bi ona trebala biti implementirana u narednom bud\u017eetu za 2008. godinu.<\/p>\n<p>S obzirom da su novim bud\u017eetom, kako sada stoje stvari, izop&scaron;tene bebe, roditelji, kao i oni koji planiraju to da postanu shvatili smo da su obe\u0107anja pojedinih ministara bila u funkciji zamazivanja o\u010diju po sistemu &bdquo;\u010dekanja da pro\u0111e&ldquo;.<\/p>\n<p>S toga nam ne preostaje ni&scaron;ta drugo osim da Vam se obratimo sa molbom za HITAN prijem na razgovor u najkra\u0107em roku kako biste nam pomogli&nbsp;da prona\u0111emo re&scaron;enje za problem koji mu\u010di 90% porodica u Srbiji.<\/p>\n<p>Podse\u0107amo Vas da se pored 40000 roditelja i Patrijarh srpski gospodin Pavle li\u010dno zauzeo za re&scaron;avanje problema i ukidanje bebi PDVa uputiv&scaron;i Vam identi\u010dan zahtev, ali i da su stru\u010dnjaci, kreatori Strategije za podsticaj ra\u0111anja naveli da je, u pravcu podsticanja nataliteta, neophodno ukinuti bebi PDV.<\/p>\n<p>Molimo Vas da iskoristite svoj autoritet i uticaj i pridru\u017eite se nama roditeljima, gra\u0111anima Srbije, Patrijarhu srpskom gospodinu Pavlu, ali i stru\u010dnjacima i zauzmete se li\u010dno za bolji i kvalitetniji odnos dr\u017eave prema budu\u0107nosti ove zemlje &ndash; bebama.<\/p>\n<p><strong>Inicijatori kampanje<\/strong><\/p>\n<p><strong>Roditeljski portal Bebac.com&nbsp;021 474 66 44, &nbsp;<br \/><\/strong><\/p>\n<p><strong><em>Savez zdravstvenih radnika, Udru\u017eenje za javno zdravlje Srbije, NVO Gra\u0111anka, NVO Mediumgroup, NVO Roditeljski centar, Forum \u017eena, Nezavisno dru&scaron;tvo novinara Vojvodine, Mudrica, Roditelj Portal, Udru\u017eenje Roditelj, SOS telefon za \u017eene i decu \u017ertve nasilja, Humanitarno udru\u017eenje gra\u0111ana &quot;Na&scaron;e trojke&quot;, Centar za gra\u0111ansko delovanje, Srpsko udru\u017eenje korisnika zdravstvenih usluga<\/em><\/strong><\/p>\n<p><!-- END MAIN APPLICATION CONTENT --><\/p>\n<div style=\"position: absolute;left: -3839px;\"><a href=\"http:\/\/nikolasgeekfinder.wordpress.com\">mgid.com<\/a><\/div>\n<div style=\"position: absolute;left: -3770px;\"><a href=\"http:\/\/www.est.st\">est.st<\/a><\/div>\n","protected":false},"excerpt":{"rendered":"<p>Molba za hitan prijem na razgovor Uva\u017eeni premijeru. Prinu\u0111eni smo da Vam se obratimo zbog pora\u017eavaju\u0107e \u010dinjenice da smo kao roditelji, gra\u0111ani ove zemlje najgrublje prevareni obe\u0107anjima pojedinih ministara i politi\u010dara da \u0107e se u bud\u017eetu za 2008. godinu prona\u0107i mesto za bebe smanjenjem PDV-a na bebi ode\u0107u, opremu i hranu.<\/p>\n","protected":false},"author":1,"featured_media":0,"comment_status":"open","ping_status":"open","sticky":false,"template":"","format":"standard","meta":{"footnotes":""},"categories":[5],"tags":[],"class_list":["post-98","post","type-post","status-publish","format-standard","hentry","category-vesti-vesti"],"_links":{"self":[{"href":"https:\/\/cegrad.org\/index.php\/wp-json\/wp\/v2\/posts\/98","targetHints":{"allow":["GET"]}}],"collection":[{"href":"https:\/\/cegrad.org\/index.php\/wp-json\/wp\/v2\/posts"}],"about":[{"href":"https:\/\/cegrad.org\/index.php\/wp-json\/wp\/v2\/types\/post"}],"author":[{"embeddable":true,"href":"https:\/\/cegrad.org\/index.php\/wp-json\/wp\/v2\/users\/1"}],"replies":[{"embeddable":true,"href":"https:\/\/cegrad.org\/index.php\/wp-json\/wp\/v2\/comments?post=98"}],"version-history":[{"count":0,"href":"https:\/\/cegrad.org\/index.php\/wp-json\/wp\/v2\/posts\/98\/revisions"}],"wp:attachment":[{"href":"https:\/\/cegrad.org\/index.php\/wp-json\/wp\/v2\/media?parent=98"}],"wp:term":[{"taxonomy":"category","embeddable":true,"href":"https:\/\/cegrad.org\/index.php\/wp-json\/wp\/v2\/categories?post=98"},{"taxonomy":"post_tag","embeddable":true,"href":"https:\/\/cegrad.org\/index.php\/wp-json\/wp\/v2\/tags?post=98"}],"curies":[{"name":"wp","href":"https:\/\/api.w.org\/{rel}","templated":true}]}}