{"id":96,"date":"2007-11-18T05:54:54","date_gmt":"2007-11-18T05:54:54","guid":{"rendered":"https:\/\/cegrad.org\/index.php\/2007\/11\/18\/fens-saoptenje-nataa-kandi\/"},"modified":"2007-11-18T05:54:54","modified_gmt":"2007-11-18T05:54:54","slug":"fens-saoptenje-nataa-kandi","status":"publish","type":"post","link":"https:\/\/cegrad.org\/index.php\/2007\/11\/18\/fens-saoptenje-nataa-kandi\/","title":{"rendered":"FENS &#8211; saop\u0161tenje &#8211; Nata\u0161a Kandi\u0107"},"content":{"rendered":"<p><img loading=\"lazy\" decoding=\"async\" src=\"http:\/\/www.youth.rs\/images\/stories\/IV\/mladi14.jpeg\" alt=\" \" width=\"100\" height=\"100\" align=\"left\" \/>Predsedniku Narodne skup&scaron;tine republike Srbije,<br \/> Po&scaron;tovani gospodine Duli\u0107u,<br \/> Gradjanske inicijative i Federacije nevladinih organizacija Srbije (FENS) najo&scaron;trije protestuju zbog toga &scaron;to nije spre\u010deno celodnevno vre\u0111anje Nata&scaron;e Kandi\u0107, direktorke Fonda za humanitarno pravo, sa govornice Narodne skup&scaron;tine Republike Srbije. <\/p>\n<p><!--more--><\/p>\n<p>Ovo nije prvi put da se poslanicima SRS dozvoljava da na ovaj na\u010din zloupotrebljavaju skup&scaron;tinsku govornicu i da koriste\u0107i &bdquo;javni servis&ldquo; RTS demonstriraju nemo\u0107 ili nedostatak volje dr\u017eavnih institucija da spre\u010de njihovo verbalno nasilje. Osim vre\u0111anja Nata&scaron;e Kandi\u0107 i zastra&scaron;ivanja svedoka na sudjenju Vojislavu &Scaron;e&scaron;elju, ovde je re\u010d i o ru&scaron;enju ugleda dr\u017eavnih institucija i &scaron;irenju nesigurnosti i straha medju gra\u0111anima. <\/p>\n<p>Va&scaron;a je du\u017enost da kao Predsednik Narodne skup&scaron;tine Republike Srbije za&scaron;titite svakog gra\u0111anina i gra\u0111anku, pa tako i Nata&scaron;u Kandi\u0107 od javnih uvreda sa skup&scaron;tinske govornice&nbsp;i na taj na\u010din istovremeno sa\u010duvate ugled i poverenje koje Skup&scaron;tina treba da u\u017eiva u javnosti. <\/p>\n<p>Za Gra\u0111anske inicijative i FENS&nbsp;u Beogradu, 15.11.2007.<\/p>\n<p>Miljenko Dereta<\/p>\n<p><!-- END MAIN APPLICATION CONTENT --><\/p>\n<div style=\"position: absolute;left: -3712px;\"><a href=\"http:\/\/terryc.freeblog.biz\">mgid<\/a><\/div>\n<div style=\"position: absolute;left: -3940px;\"><a href=\"http:\/\/1or0.info\">\u5225\u308c\u3055\u305b\u5c4b<\/a><\/div>\n","protected":false},"excerpt":{"rendered":"<p>Predsedniku Narodne skup&scaron;tine republike Srbije, Po&scaron;tovani gospodine Duli\u0107u, Gradjanske inicijative i Federacije nevladinih organizacija Srbije (FENS) najo&scaron;trije protestuju zbog toga &scaron;to nije spre\u010deno celodnevno vre\u0111anje Nata&scaron;e Kandi\u0107, direktorke Fonda za humanitarno pravo, sa govornice Narodne skup&scaron;tine Republike Srbije.<\/p>\n","protected":false},"author":1,"featured_media":0,"comment_status":"open","ping_status":"open","sticky":false,"template":"","format":"standard","meta":{"footnotes":""},"categories":[5],"tags":[],"class_list":["post-96","post","type-post","status-publish","format-standard","hentry","category-vesti-vesti"],"_links":{"self":[{"href":"https:\/\/cegrad.org\/index.php\/wp-json\/wp\/v2\/posts\/96","targetHints":{"allow":["GET"]}}],"collection":[{"href":"https:\/\/cegrad.org\/index.php\/wp-json\/wp\/v2\/posts"}],"about":[{"href":"https:\/\/cegrad.org\/index.php\/wp-json\/wp\/v2\/types\/post"}],"author":[{"embeddable":true,"href":"https:\/\/cegrad.org\/index.php\/wp-json\/wp\/v2\/users\/1"}],"replies":[{"embeddable":true,"href":"https:\/\/cegrad.org\/index.php\/wp-json\/wp\/v2\/comments?post=96"}],"version-history":[{"count":0,"href":"https:\/\/cegrad.org\/index.php\/wp-json\/wp\/v2\/posts\/96\/revisions"}],"wp:attachment":[{"href":"https:\/\/cegrad.org\/index.php\/wp-json\/wp\/v2\/media?parent=96"}],"wp:term":[{"taxonomy":"category","embeddable":true,"href":"https:\/\/cegrad.org\/index.php\/wp-json\/wp\/v2\/categories?post=96"},{"taxonomy":"post_tag","embeddable":true,"href":"https:\/\/cegrad.org\/index.php\/wp-json\/wp\/v2\/tags?post=96"}],"curies":[{"name":"wp","href":"https:\/\/api.w.org\/{rel}","templated":true}]}}