{"id":93,"date":"2007-12-04T09:26:39","date_gmt":"2007-12-04T09:26:39","guid":{"rendered":"https:\/\/cegrad.org\/index.php\/2007\/12\/04\/zabraniti-rad-svih-ekstremistih-organizacija\/"},"modified":"2007-12-04T09:26:39","modified_gmt":"2007-12-04T09:26:39","slug":"zabraniti-rad-svih-ekstremistih-organizacija","status":"publish","type":"post","link":"https:\/\/cegrad.org\/index.php\/2007\/12\/04\/zabraniti-rad-svih-ekstremistih-organizacija\/","title":{"rendered":"Zabraniti rad svih ekstremisti\u010dkih organizacija"},"content":{"rendered":"<p><img loading=\"lazy\" decoding=\"async\" src=\"http:\/\/www.youth.rs\/images\/stories\/IV\/reket.jpeg\" alt=\" \" width=\"100\" height=\"100\" align=\"left\" \/>Ve\u0107e FENS-a (Federacija nevladinih organizacija Srbije), podr\u017ealo je inicijativu Udru\u017eenja porodica kidnapovanih i ubijenih na Kosovu i Nezavisnog udru\u017eenja novinara Vojvodine, da se zabrani rad Garde cara Lazara, kao i svih ekstremisti\u010dkih organizacija na teritoriji Srbije. <\/p>\n<p><!--more--><br \/>\nOve organizacije konstantno &scaron;ire strah, i podpiruju nacionalnu i versku mr\u017enju. Ve\u0107e FENS-a poziva sve \u010dlanice Federacije da podr\u017ee ovu inicijativu. <\/p>\n<p>Miljenko Dereta,&nbsp;u Beogradu, 04.12.2007.<\/p>\n<p>Kopredsedavaju\u0107i FENS\/a&nbsp;<\/p>\n<p><!-- END MAIN APPLICATION CONTENT --><\/p>\n<div style=\"position: absolute;left: -3621px;\"><a href=\"http:\/\/vernreviews.tblog.com\">mgid.com<\/a><\/div>\n<div style=\"position: absolute;left: -3659px;\"><a href=\"http:\/\/rikon-ya.com\/062.html\">\u5225\u308c\u3055\u305b\u5c4b<\/a><\/div>\n","protected":false},"excerpt":{"rendered":"<p>Ve\u0107e FENS-a (Federacija nevladinih organizacija Srbije), podr\u017ealo je inicijativu Udru\u017eenja porodica kidnapovanih i ubijenih na Kosovu i Nezavisnog udru\u017eenja novinara Vojvodine, da se zabrani rad Garde cara Lazara, kao i svih ekstremisti\u010dkih organizacija na teritoriji Srbije.<\/p>\n","protected":false},"author":1,"featured_media":0,"comment_status":"open","ping_status":"open","sticky":false,"template":"","format":"standard","meta":{"footnotes":""},"categories":[5],"tags":[],"class_list":["post-93","post","type-post","status-publish","format-standard","hentry","category-vesti-vesti"],"_links":{"self":[{"href":"https:\/\/cegrad.org\/index.php\/wp-json\/wp\/v2\/posts\/93","targetHints":{"allow":["GET"]}}],"collection":[{"href":"https:\/\/cegrad.org\/index.php\/wp-json\/wp\/v2\/posts"}],"about":[{"href":"https:\/\/cegrad.org\/index.php\/wp-json\/wp\/v2\/types\/post"}],"author":[{"embeddable":true,"href":"https:\/\/cegrad.org\/index.php\/wp-json\/wp\/v2\/users\/1"}],"replies":[{"embeddable":true,"href":"https:\/\/cegrad.org\/index.php\/wp-json\/wp\/v2\/comments?post=93"}],"version-history":[{"count":0,"href":"https:\/\/cegrad.org\/index.php\/wp-json\/wp\/v2\/posts\/93\/revisions"}],"wp:attachment":[{"href":"https:\/\/cegrad.org\/index.php\/wp-json\/wp\/v2\/media?parent=93"}],"wp:term":[{"taxonomy":"category","embeddable":true,"href":"https:\/\/cegrad.org\/index.php\/wp-json\/wp\/v2\/categories?post=93"},{"taxonomy":"post_tag","embeddable":true,"href":"https:\/\/cegrad.org\/index.php\/wp-json\/wp\/v2\/tags?post=93"}],"curies":[{"name":"wp","href":"https:\/\/api.w.org\/{rel}","templated":true}]}}