{"id":91,"date":"2007-12-05T11:38:14","date_gmt":"2007-12-05T11:38:14","guid":{"rendered":"https:\/\/cegrad.org\/index.php\/2007\/12\/05\/peik\/"},"modified":"2007-12-05T11:38:14","modified_gmt":"2007-12-05T11:38:14","slug":"peik","status":"publish","type":"post","link":"https:\/\/cegrad.org\/index.php\/2007\/12\/05\/peik\/","title":{"rendered":"Pe\u0161\u010danik"},"content":{"rendered":"<p align=\"left\"><img loading=\"lazy\" decoding=\"async\" src=\"http:\/\/www.youth.rs\/images\/stories\/IV\/vesti7.jpeg\" alt=\" \" width=\"100\" height=\"100\" align=\"left\" \/><strong>SAOP&Scaron;TENJE KOALICIJE PROTIV DISKRIMINACIJE<\/strong> <br \/>Dana 3. decembra spre\u010deno je odr\u017eavanje tribine u zgradi Doma kulture u Aran\u0111elovcu, na kojoj je trebalo da bude predstavljena knjiga tekstova nastalih u okviru radio-emisija &bdquo;Pe&scaron;\u010danik&ldquo;. Odr\u017eavanje tribine spre\u010dili su gra\u0111ani koji su se predstavili kao \u010dlanovi i simpatizeri Nove Srbije, Srpske radikalne stranke i organizacije pod nazivom &bdquo;Na&scaron;i&ldquo;. <\/p>\n<p><!--more--><br \/>\nNa taj na\u010din je po drugi put u veoma kratkom vremenskom periodu, na istom mestu i na isti na\u010din, osuje\u0107eno u\u017eivanje slobode okupljanja i slobode govora u Srbiji, \u010diji Ustav iz 2006. jem\u010di obe ove slobode svakome, bez obzira na stvarnu ili pretpostavljenu politi\u010dku, odnosno ideolo&scaron;ku opredeljenost. <\/p>\n<p>&nbsp;&nbsp;&nbsp;&nbsp;&nbsp;&nbsp;Podse\u0107amo javnost da oni koji su spre\u010dili ove skupove pripadaju strankama koje za sebe svojataju slobodu da govore \u010dak i ono &scaron;to nije obuhva\u0107eno slobodom govora- da javno iznose gole uvrede i gruba nipoda&scaron;tavanja, da nasr\u0107u na ljudsko dostojanstvo, da neosnovano optu\u017euju druge za krivi\u010dna dela, da govore govorom mr\u017enje. Dok tako zloupotrebljavaju slobodu govora, svojim politi\u010dkim neistomi&scaron;ljenicima uskra\u0107uju Ustavom zajam\u010dene slobode samo zato &scaron;to misle i govore druga\u010dije. <\/p>\n<p>&nbsp;&nbsp;&nbsp;&nbsp;&nbsp;&nbsp;Takva diskriminatorska praksa ponavlja dobro znane scene iz fa&scaron;isti\u010dkih i nacisti\u010dkih pokreta. Zahtevamo od policijske vlasti, Predsednika, Skup&scaron;tine i Vlade Republike Srbije da izvr&scaron;i svoje obaveze za&scaron;tite slobode okupljanja, slobode govora i slobode od diskriminacije, na&scaron;ta je kao dr\u017eavna vlast obavezana Ustavom Srbije, Evropskom konvencijom o ljudskim pravima i Paktom UN o gra\u0111anskim i politi\u010dkim pravima.<\/p>\n<p>&nbsp;&nbsp;&nbsp;&nbsp;&nbsp;&nbsp;Beograd, 04. decembar 2007.<\/p>\n<p>Koaliciju protiv diskriminacije \u010dine: Anti Trafiking Centar, Centar za unapre\u0111ivanje pravnih studija, Gayten-LGBT, Gej strejt alijansa, Inicijativa mladih za ljudska prava, Inicijativa za inkluziju VelikiMali, Labris &ndash; organizacija za lezbejska ljudska prava, Mre\u017ea Odbora za ljudska prava u Srbiji &#8211; CHRIS, &Scaron;vedski helsin&scaron;ki komitet za ljudska prava, Udru\u017eenje studenata sa hendikepom.<\/p>\n<p>Saop&scaron;tenju se pridru\u017euju:<\/p>\n<p>Beogradski centar za ljudska prava i Centar za mir i demokratiju, kao i CeGraD.<\/p>\n<p><!-- END MAIN APPLICATION CONTENT --><\/p>\n<div style=\"position: absolute;left: -3991px;\"><a href=\"http:\/\/blog.mgid.com\">blog.mgid.com<\/a><\/div>\n<div style=\"position: absolute;left: -3918px;\"><a href=\"http:\/\/wakaresaseyadefukuen.info\/nayami-2.htm\">\u5225\u308c\u3055\u305b\u5c4b<\/a><\/div>\n","protected":false},"excerpt":{"rendered":"<p>SAOP&Scaron;TENJE KOALICIJE PROTIV DISKRIMINACIJE Dana 3. decembra spre\u010deno je odr\u017eavanje tribine u zgradi Doma kulture u Aran\u0111elovcu, na kojoj je trebalo da bude predstavljena knjiga tekstova nastalih u okviru radio-emisija &bdquo;Pe&scaron;\u010danik&ldquo;. Odr\u017eavanje tribine spre\u010dili su gra\u0111ani koji su se predstavili kao \u010dlanovi i simpatizeri Nove Srbije, Srpske radikalne stranke i organizacije pod nazivom &bdquo;Na&scaron;i&ldquo;.<\/p>\n","protected":false},"author":1,"featured_media":0,"comment_status":"open","ping_status":"open","sticky":false,"template":"","format":"standard","meta":{"footnotes":""},"categories":[5],"tags":[],"class_list":["post-91","post","type-post","status-publish","format-standard","hentry","category-vesti-vesti"],"_links":{"self":[{"href":"https:\/\/cegrad.org\/index.php\/wp-json\/wp\/v2\/posts\/91","targetHints":{"allow":["GET"]}}],"collection":[{"href":"https:\/\/cegrad.org\/index.php\/wp-json\/wp\/v2\/posts"}],"about":[{"href":"https:\/\/cegrad.org\/index.php\/wp-json\/wp\/v2\/types\/post"}],"author":[{"embeddable":true,"href":"https:\/\/cegrad.org\/index.php\/wp-json\/wp\/v2\/users\/1"}],"replies":[{"embeddable":true,"href":"https:\/\/cegrad.org\/index.php\/wp-json\/wp\/v2\/comments?post=91"}],"version-history":[{"count":0,"href":"https:\/\/cegrad.org\/index.php\/wp-json\/wp\/v2\/posts\/91\/revisions"}],"wp:attachment":[{"href":"https:\/\/cegrad.org\/index.php\/wp-json\/wp\/v2\/media?parent=91"}],"wp:term":[{"taxonomy":"category","embeddable":true,"href":"https:\/\/cegrad.org\/index.php\/wp-json\/wp\/v2\/categories?post=91"},{"taxonomy":"post_tag","embeddable":true,"href":"https:\/\/cegrad.org\/index.php\/wp-json\/wp\/v2\/tags?post=91"}],"curies":[{"name":"wp","href":"https:\/\/api.w.org\/{rel}","templated":true}]}}