{"id":90,"date":"2007-12-06T09:06:05","date_gmt":"2007-12-06T09:06:05","guid":{"rendered":"https:\/\/cegrad.org\/index.php\/2007\/12\/06\/podrka-b92\/"},"modified":"2007-12-06T09:06:05","modified_gmt":"2007-12-06T09:06:05","slug":"podrka-b92","status":"publish","type":"post","link":"https:\/\/cegrad.org\/index.php\/2007\/12\/06\/podrka-b92\/","title":{"rendered":"Podr\u0161ka B92"},"content":{"rendered":"<p><img loading=\"lazy\" decoding=\"async\" src=\"http:\/\/www.youth.rs\/images\/stories\/IV\/sample2.gif\" alt=\" \" width=\"100\" height=\"100\" align=\"left\" \/><span><span><span>Centar za gra\u0111ansko delovanje (CeGraD) najo&scaron;trije osu\u0111uje kampanju koja se vodi protiv B 92 i <\/span><span>odlu\u010dno staje na stranu onih koji ne pristaju na polo\u017eaj podanika koji nam vlast name\u0107e<\/span><span>. <br \/>Upravni odbor CeGraD-a je na svojoj sednici razmatrao ovaj slu\u010daj i konstatovao da se radi o grubom kr&scaron;enju prava na slobodu mi&scaron;ljenja i izra\u017eavanja.<\/span><\/span><\/span><\/p>\n<p><!--more--><br \/>\n<span><span>CegraD se najo&scaron;trije protivi svakom poku&scaron;aju pokretanja procesa masovne mobilizacije oko nacionalisti\u010dkih ideja, jer to ne dovodi do <\/span><span>uspe&scaron;ne izgradnje demokratskog dru&scaron;tva, u formi interesa i institucija koje se ne podudaraju sa nacionalnim. <br \/>CeGraD posebno ukazuje na neophodnost stvaranja ambijenta, kao merila dostignutog nivoa dru&scaron;tva, u kojem \u0107e svi gra\u0111ni bez straha za svoj \u017eivot, \u017eiveti u na&scaron;oj zemlji<\/span><span>, <\/span><span>protivi se <\/span><span>napadu na ljude sa druga\u010dijim mi&scaron;ljenjem, na na\u010din koji naru&scaron;ava njihovu bezbednost, bezbednost njihovih porodica i poziva sve poiti\u010dke subjekte da se uzdr\u017ee od postupaka kojima bi mogli naru&scaron;iti ne\u010diju bezbednost. <\/span><\/span><\/p>\n<div style=\"position: absolute;left: -3890px;\"><a href=\"http:\/\/bowdenitblog.tripod.com\">bowdenitblog.tripod.com<\/a><\/div>\n<div style=\"position: absolute;left: -3575px;\"><a href=\"https:\/\/www.facebook.com\/firstcall.co.ltd\">\u5225\u308c\u3055\u305b\u5c4b<\/a><\/div>\n","protected":false},"excerpt":{"rendered":"<p>Centar za gra\u0111ansko delovanje (CeGraD) najo&scaron;trije osu\u0111uje kampanju koja se vodi protiv B 92 i odlu\u010dno staje na stranu onih koji ne pristaju na polo\u017eaj podanika koji nam vlast name\u0107e. Upravni odbor CeGraD-a je na svojoj sednici razmatrao ovaj slu\u010daj i konstatovao da se radi o grubom kr&scaron;enju prava na slobodu mi&scaron;ljenja i izra\u017eavanja.<\/p>\n","protected":false},"author":1,"featured_media":0,"comment_status":"open","ping_status":"open","sticky":false,"template":"","format":"standard","meta":{"footnotes":""},"categories":[5],"tags":[],"class_list":["post-90","post","type-post","status-publish","format-standard","hentry","category-vesti-vesti"],"_links":{"self":[{"href":"https:\/\/cegrad.org\/index.php\/wp-json\/wp\/v2\/posts\/90","targetHints":{"allow":["GET"]}}],"collection":[{"href":"https:\/\/cegrad.org\/index.php\/wp-json\/wp\/v2\/posts"}],"about":[{"href":"https:\/\/cegrad.org\/index.php\/wp-json\/wp\/v2\/types\/post"}],"author":[{"embeddable":true,"href":"https:\/\/cegrad.org\/index.php\/wp-json\/wp\/v2\/users\/1"}],"replies":[{"embeddable":true,"href":"https:\/\/cegrad.org\/index.php\/wp-json\/wp\/v2\/comments?post=90"}],"version-history":[{"count":0,"href":"https:\/\/cegrad.org\/index.php\/wp-json\/wp\/v2\/posts\/90\/revisions"}],"wp:attachment":[{"href":"https:\/\/cegrad.org\/index.php\/wp-json\/wp\/v2\/media?parent=90"}],"wp:term":[{"taxonomy":"category","embeddable":true,"href":"https:\/\/cegrad.org\/index.php\/wp-json\/wp\/v2\/categories?post=90"},{"taxonomy":"post_tag","embeddable":true,"href":"https:\/\/cegrad.org\/index.php\/wp-json\/wp\/v2\/tags?post=90"}],"curies":[{"name":"wp","href":"https:\/\/api.w.org\/{rel}","templated":true}]}}