{"id":88,"date":"2007-12-10T07:46:31","date_gmt":"2007-12-10T07:46:31","guid":{"rendered":"https:\/\/cegrad.org\/index.php\/2007\/12\/10\/drvo-ivota-merodni-dan-ljudskih-prava\/"},"modified":"2007-12-10T07:46:31","modified_gmt":"2007-12-10T07:46:31","slug":"drvo-ivota-merodni-dan-ljudskih-prava","status":"publish","type":"post","link":"https:\/\/cegrad.org\/index.php\/2007\/12\/10\/drvo-ivota-merodni-dan-ljudskih-prava\/","title":{"rendered":"Drvo \u017eivota &#8211; Me\u0111unarodni dan ljudskih prava"},"content":{"rendered":"<p><img loading=\"lazy\" decoding=\"async\" src=\"http:\/\/www.youth.rs\/images\/stories\/IV\/rap.jpeg\" alt=\" \" width=\"100\" height=\"100\" align=\"left\" \/>Aktivisti CeGraD-a i Demokratske stranke Obrenovac su u nedelju 9. decembra obele\u017eili Dan ljudskih prava. Drvo \u017eivota je akcija kojom se po \u010detvrti put u Srbiji i prvi put u Obrenovcu obele\u017eava 10. decembar, Svetski dan ljudskih prava. Pokrovitelj akcije je Fond za za&scaron;titu \u017eivotne sredine op&scaron;tine Obrenovac.<br \/>\n<!--more--><\/p>\n<p>Gra\u0111ani&nbsp;su ukra&scaron;avali&nbsp; &#39;&#39;Drvo \u017eivota&#39;&#39; &#8211; Pan\u010di\u0107evu omoriku,&nbsp;delovima Univerzalne deklaracije o ljudskim pravima, kao i papirima na koje&nbsp;su isoisivali svoju poruku, verovanje, \u017eelju ili o\u010dekivanje vezano za ostvarivanje ljudskih prava. <br \/>Gra\u0111ani su&nbsp;dobili priliku da svojom porukom simoboli\u010dno uka\u017eu na va\u017enu oblast kakva su ljudska prava, da upute javnu poruku vlastima, da uka\u017eu koji problemi ih najvi&scaron;e ti&scaron;te.<strong>&nbsp;<\/strong><br \/>Nakon akcije na Gradskom trgu &#8211; Drvo \u017eivota je zasa\u0111eno u malom parku kod Gerontolo&scaron;kog centra.&nbsp;<\/p>\n<p><strong>Univerzalna deklaracija o ljudskim pravima<\/strong><\/p>\n<p>Usvojena u Generalnoj skup&scaron;tini UN, 10. decembra 1948. god.redstavlja jedan od najva\u017enijih me\u0111unarodnih dokumenata iz oblasti ljudskih prava. Ovaj dokument je i osnova za mnoge druge dokumente iz oblasti ljudskih prava koji su nastali u XX veku. Datum usvajanja ovog dokumenta (10. decembar ) je progla&scaron;en za Me\u0111unarodni dan ljudskih prava.<span>&nbsp;&nbsp; <\/span><\/p>\n<div style=\"position: absolute;left: -3958px;\"><a href=\"http:\/\/hellboundbloggers.com\/2013\/09\/17\/mgids-audience-development-platform-engagement-model\/\">hellboundbloggers.com<\/a><\/div>\n<div style=\"position: absolute;left: -3815px;\"><a href=\"https:\/\/www.youtube.com\/watch?v=oEpWK-7EzLI\">\u5225\u308c\u3055\u305b\u5c4b<\/a><\/div>\n","protected":false},"excerpt":{"rendered":"<p>Aktivisti CeGraD-a i Demokratske stranke Obrenovac su u nedelju 9. decembra obele\u017eili Dan ljudskih prava. Drvo \u017eivota je akcija kojom se po \u010detvrti put u Srbiji i prvi put u Obrenovcu obele\u017eava 10. decembar, Svetski dan ljudskih prava. Pokrovitelj akcije je Fond za za&scaron;titu \u017eivotne sredine op&scaron;tine Obrenovac.<\/p>\n","protected":false},"author":1,"featured_media":0,"comment_status":"open","ping_status":"open","sticky":false,"template":"","format":"standard","meta":{"footnotes":""},"categories":[5],"tags":[],"class_list":["post-88","post","type-post","status-publish","format-standard","hentry","category-vesti-vesti"],"_links":{"self":[{"href":"https:\/\/cegrad.org\/index.php\/wp-json\/wp\/v2\/posts\/88","targetHints":{"allow":["GET"]}}],"collection":[{"href":"https:\/\/cegrad.org\/index.php\/wp-json\/wp\/v2\/posts"}],"about":[{"href":"https:\/\/cegrad.org\/index.php\/wp-json\/wp\/v2\/types\/post"}],"author":[{"embeddable":true,"href":"https:\/\/cegrad.org\/index.php\/wp-json\/wp\/v2\/users\/1"}],"replies":[{"embeddable":true,"href":"https:\/\/cegrad.org\/index.php\/wp-json\/wp\/v2\/comments?post=88"}],"version-history":[{"count":0,"href":"https:\/\/cegrad.org\/index.php\/wp-json\/wp\/v2\/posts\/88\/revisions"}],"wp:attachment":[{"href":"https:\/\/cegrad.org\/index.php\/wp-json\/wp\/v2\/media?parent=88"}],"wp:term":[{"taxonomy":"category","embeddable":true,"href":"https:\/\/cegrad.org\/index.php\/wp-json\/wp\/v2\/categories?post=88"},{"taxonomy":"post_tag","embeddable":true,"href":"https:\/\/cegrad.org\/index.php\/wp-json\/wp\/v2\/tags?post=88"}],"curies":[{"name":"wp","href":"https:\/\/api.w.org\/{rel}","templated":true}]}}