{"id":847,"date":"2025-12-15T20:53:10","date_gmt":"2025-12-15T20:53:10","guid":{"rendered":"https:\/\/cegrad.org\/?p=847"},"modified":"2026-02-28T20:59:33","modified_gmt":"2026-02-28T20:59:33","slug":"realizovan-projekat-informacija-kao-zajednica-2-0","status":"publish","type":"post","link":"https:\/\/cegrad.org\/index.php\/2025\/12\/15\/realizovan-projekat-informacija-kao-zajednica-2-0\/","title":{"rendered":"Realizovan projekat \u201eInformacija kao zajednica 2.0\u201c"},"content":{"rendered":"\n<p>Centar za gra\u0111ansko delovanje (CeGraD) realizovao je projekat \u201eInformacija kao zajednica 2.0\u201c, koji predstavlja nastavak inicijative usmerene na ja\u010danje kapaciteta omladinskih radnika, organizacija i mladih za analizu i razumevanje omladinske politike na lokalnom nivou.<\/p>\n\n\n\n<p>Projekat je uveo istra\u017eiva\u010dku i analiti\u010dku dimenziju u oblast informativnog omladinskog rada. U okviru projekta analizirano je stanje omladinske politike u 10 jedinica lokalne samouprave, a rezultati su sistematizovani i javno objavljeni kroz digitalne resurse.<\/p>\n\n\n\n<p>Klju\u010dni rezultati projekta obuhvataju:<\/p>\n\n\n\n<p>\u2013 Analizu konteksta omladinske politike<br>\u2013 Metodolo\u0161ki okvir za kontekstualizovanu analizu<br>\u2013 Izve\u0161taj o stanju omladinske politike<br>\u2013 Izve\u0161taj o metodolo\u0161kom okviru<br>\u2013 Digitalnu mapu kontekstualizacije informacija<br>\u2013 Tri onlajn kursa: \u201e\u0160ta je omladinska politika\u201c, \u201eAnaliza i prikupljanje podataka\u201c i \u201eVizuelizacija podataka\u201c<\/p>\n\n\n\n<p>Svi materijali i rezultati projekta trajno su dostupni na platformi:<br><a href=\"https:\/\/kontekst.youth.rs\/\">https:\/\/kontekst.youth.rs\/<\/a><\/p>\n\n\n\n<p>Projekat je realizovan u periodu od 1. juna 2025. do 10. decembra 2025. godine, uz podr\u0161ku Ministarstva turizma i omladine u okviru Javnog konkursa za sprovo\u0111enje ciljeva Strategije za mlade u Republici Srbiji za period 2023\u20132030.<\/p>\n\n\n\n<p>Cilj projekta bio je ja\u010danje kapaciteta za razumevanje, analizu i primenu omladinskih politika, kao i podr\u0161ka aktivnijem u\u010de\u0161\u0107u mladih u lokalnim procesima dono\u0161enja odluka.<\/p>\n","protected":false},"excerpt":{"rendered":"<p>Centar za gra\u0111ansko delovanje (CeGraD) realizovao je projekat \u201eInformacija kao zajednica 2.0\u201c, koji predstavlja nastavak inicijative usmerene na ja\u010danje kapaciteta omladinskih radnika, organizacija i mladih za analizu i razumevanje omladinske politike na lokalnom nivou. Projekat je uveo istra\u017eiva\u010dku i analiti\u010dku dimenziju u oblast informativnog omladinskog rada. U okviru projekta analizirano je stanje omladinske politike u 10 jedinica lokalne samouprave, a [&hellip;]<\/p>\n","protected":false},"author":1,"featured_media":848,"comment_status":"open","ping_status":"open","sticky":false,"template":"","format":"standard","meta":{"footnotes":""},"categories":[4,5],"tags":[],"class_list":["post-847","post","type-post","status-publish","format-standard","has-post-thumbnail","hentry","category-vesti","category-vesti-vesti"],"_links":{"self":[{"href":"https:\/\/cegrad.org\/index.php\/wp-json\/wp\/v2\/posts\/847","targetHints":{"allow":["GET"]}}],"collection":[{"href":"https:\/\/cegrad.org\/index.php\/wp-json\/wp\/v2\/posts"}],"about":[{"href":"https:\/\/cegrad.org\/index.php\/wp-json\/wp\/v2\/types\/post"}],"author":[{"embeddable":true,"href":"https:\/\/cegrad.org\/index.php\/wp-json\/wp\/v2\/users\/1"}],"replies":[{"embeddable":true,"href":"https:\/\/cegrad.org\/index.php\/wp-json\/wp\/v2\/comments?post=847"}],"version-history":[{"count":1,"href":"https:\/\/cegrad.org\/index.php\/wp-json\/wp\/v2\/posts\/847\/revisions"}],"predecessor-version":[{"id":849,"href":"https:\/\/cegrad.org\/index.php\/wp-json\/wp\/v2\/posts\/847\/revisions\/849"}],"wp:featuredmedia":[{"embeddable":true,"href":"https:\/\/cegrad.org\/index.php\/wp-json\/wp\/v2\/media\/848"}],"wp:attachment":[{"href":"https:\/\/cegrad.org\/index.php\/wp-json\/wp\/v2\/media?parent=847"}],"wp:term":[{"taxonomy":"category","embeddable":true,"href":"https:\/\/cegrad.org\/index.php\/wp-json\/wp\/v2\/categories?post=847"},{"taxonomy":"post_tag","embeddable":true,"href":"https:\/\/cegrad.org\/index.php\/wp-json\/wp\/v2\/tags?post=847"}],"curies":[{"name":"wp","href":"https:\/\/api.w.org\/{rel}","templated":true}]}}