{"id":840,"date":"2025-08-04T19:51:56","date_gmt":"2025-08-04T19:51:56","guid":{"rendered":"https:\/\/cegrad.org\/?p=840"},"modified":"2025-08-07T11:06:17","modified_gmt":"2025-08-07T11:06:17","slug":"rezultati-sta-nam-tesko-konkursa-2025","status":"publish","type":"post","link":"https:\/\/cegrad.org\/index.php\/2025\/08\/04\/rezultati-sta-nam-tesko-konkursa-2025\/","title":{"rendered":"Rezultati \u201c\u0160ta nam te\u0161ko\u201d konkursa 2025."},"content":{"rendered":"\n<h5 class=\"wp-block-heading\">U sredu, 30. jula 2025. godine uspe\u0161no je zavr\u0161en \u201e\u0160ta nam te\u0161ko\u201c konkurs u okviru projekta \u201eMladi su zakon 2025\u201c\u00a0<\/h5>\n\n\n\n<h5 class=\"wp-block-heading\">Listu podr\u017eanih \u0160ta nam te\u0161ko volonterskih projekata mo\u017eete pogledati:&nbsp;<a href=\"https:\/\/cegrad.org\/wp-content\/uploads\/2025\/08\/Lista-podrzanih-Sta-nam-tesko-volonterskih-projekata-u-2025.-godini.pdf\" target=\"_blank\" rel=\"noreferrer noopener\">Lista podr\u017eanih projekata<\/a><\/h5>\n\n\n\n<p>Predstavnike i predstavnice organizacija i neformalnih grupa \u010deka intenzivan i uzbudljiv period obuka, u\u010denja i realizacije predvi\u0111enih aktivnosti. Pratite njihove uspehe na dru\u0161tvenim mre\u017eama&nbsp;i podr\u017eite ih.<\/p>\n\n\n\n<p>U narednim danima sve podr\u017eane organizacije i neformalne grupe bi\u0107e kontaktirane od strane mentora i mentorki.<\/p>\n\n\n\n<p>Zahvaljujemo se svim prijavljenim grupama i pozivamo sve one \u010diji predlog nije odobren u prethodnim krugovima, da kontaktiraju mentore i apliciraju u nekom od narednih krugova.<\/p>\n\n\n\n<p><em>Konkurs \u201e\u0160ta nam te\u0161ko\u201c u okviru projekta \u201eMladi su zakon 2025\u201c sprovode Mladi istra\u017eiva\u010di Srbije u partnerstvu sa Pokretom gorana Vojvodine iz Sremskih Karlovaca, CeGraD-om iz Obrenovca, TIM42 iz Leskovca i GM Optimist iz Gornjeg Milanovca, uz podr\u0161ku Ministarstva turizma i omladine Republike Srbije.<\/em><\/p>\n\n\n\n<p><\/p>\n","protected":false},"excerpt":{"rendered":"<p>U sredu, 30. jula 2025. godine uspe\u0161no je zavr\u0161en \u201e\u0160ta nam te\u0161ko\u201c konkurs u okviru projekta \u201eMladi su zakon 2025\u201c\u00a0 Listu podr\u017eanih \u0160ta nam te\u0161ko volonterskih projekata mo\u017eete pogledati:&nbsp;Lista podr\u017eanih projekata Predstavnike i predstavnice organizacija i neformalnih grupa \u010deka intenzivan i uzbudljiv period obuka, u\u010denja i realizacije predvi\u0111enih aktivnosti. Pratite njihove uspehe na dru\u0161tvenim mre\u017eama&nbsp;i podr\u017eite ih. U narednim danima [&hellip;]<\/p>\n","protected":false},"author":1,"featured_media":832,"comment_status":"open","ping_status":"open","sticky":false,"template":"","format":"standard","meta":{"footnotes":""},"categories":[4,5],"tags":[],"class_list":["post-840","post","type-post","status-publish","format-standard","has-post-thumbnail","hentry","category-vesti","category-vesti-vesti"],"_links":{"self":[{"href":"https:\/\/cegrad.org\/index.php\/wp-json\/wp\/v2\/posts\/840","targetHints":{"allow":["GET"]}}],"collection":[{"href":"https:\/\/cegrad.org\/index.php\/wp-json\/wp\/v2\/posts"}],"about":[{"href":"https:\/\/cegrad.org\/index.php\/wp-json\/wp\/v2\/types\/post"}],"author":[{"embeddable":true,"href":"https:\/\/cegrad.org\/index.php\/wp-json\/wp\/v2\/users\/1"}],"replies":[{"embeddable":true,"href":"https:\/\/cegrad.org\/index.php\/wp-json\/wp\/v2\/comments?post=840"}],"version-history":[{"count":2,"href":"https:\/\/cegrad.org\/index.php\/wp-json\/wp\/v2\/posts\/840\/revisions"}],"predecessor-version":[{"id":843,"href":"https:\/\/cegrad.org\/index.php\/wp-json\/wp\/v2\/posts\/840\/revisions\/843"}],"wp:featuredmedia":[{"embeddable":true,"href":"https:\/\/cegrad.org\/index.php\/wp-json\/wp\/v2\/media\/832"}],"wp:attachment":[{"href":"https:\/\/cegrad.org\/index.php\/wp-json\/wp\/v2\/media?parent=840"}],"wp:term":[{"taxonomy":"category","embeddable":true,"href":"https:\/\/cegrad.org\/index.php\/wp-json\/wp\/v2\/categories?post=840"},{"taxonomy":"post_tag","embeddable":true,"href":"https:\/\/cegrad.org\/index.php\/wp-json\/wp\/v2\/tags?post=840"}],"curies":[{"name":"wp","href":"https:\/\/api.w.org\/{rel}","templated":true}]}}