{"id":831,"date":"2025-07-15T06:49:11","date_gmt":"2025-07-15T06:49:11","guid":{"rendered":"https:\/\/cegrad.org\/?p=831"},"modified":"2025-07-21T08:20:59","modified_gmt":"2025-07-21T08:20:59","slug":"konkurs-za-ideje-i-inicijative-neformalnih-grupa-sta-nam-tesko-2025","status":"publish","type":"post","link":"https:\/\/cegrad.org\/index.php\/2025\/07\/15\/konkurs-za-ideje-i-inicijative-neformalnih-grupa-sta-nam-tesko-2025\/","title":{"rendered":"Konkurs za ideje i inicijative neformalnih grupa &#8211; \u0160ta nam te\u0161ko 2025!"},"content":{"rendered":"\n<h4 class=\"wp-block-heading\"><strong>#\u0160tanamte\u0161ko&nbsp;da i ove godine nastavimo sa podr\u017eavanjem lokalnih inicijativa!<\/strong><\/h4>\n\n\n\n<h5 class=\"wp-block-heading\"><strong>Prepoznaje\u0161 problem u svom kraju? Ima\u0161 ekipu sa kojom to mo\u017ee\u0161 da re\u0161i\u0161?<\/strong><\/h5>\n\n\n\n<h5 class=\"wp-block-heading\"><strong>Odli\u010dno, na dobrom ste putu da problem pretvorite u izazov!<\/strong><\/h5>\n\n\n\n<p><em>Podr\u0161ka lokalnim inicijativama \u201e\u0160ta nam te\u0161ko\u201c je deo projekta&nbsp; \u201eMladi su zakon 2025\u201c koji Mladi istra\u017eiva\u010di Srbije sprovode u saradnji sa organizacijama Pokret gorana Vojvodine, Centar za gra\u0111ansko delovanje iz Obrenovca, GM Optimist iz Gornjeg Milanovca i Tim 42 iz Leskovca, uz podr\u0161ku Ministarstva turizma i omladine.<\/em><\/p>\n\n\n\n<p><em>Detaljno pro\u010ditajte tekst o konkursu, a na dnu stranice se nalaze dokumenta za preuzimanje i link za prijavu na konkurs!<\/em><\/p>\n\n\n\n<h4 class=\"wp-block-heading\"><strong>Da li je ovo konkurs za nas?<\/strong><\/h4>\n\n\n\n<p>Ukoliko ste:<\/p>\n\n\n\n<ul class=\"wp-block-list\">\n<li>tim od najmanje pet \u010dlanova uzrasta od 15 do 30 godina, od kojih je bar jedna osoba \u2013 predstavnik\/ca grupe, punoletan\/na, i imate odli\u010dnu ideju kako da lokalni problem pretvorite u izazov koji \u0107ete re\u0161iti;<\/li>\n\n\n\n<li>udru\u017eenje mladih \u010diji Upravni odbor ima bar 2\/3 \u010dlanova koji su uzrasta od 15 do 30 godina;<\/li>\n<\/ul>\n\n\n\n<p>ovo je konkurs za vas!<\/p>\n\n\n\n<h4 class=\"wp-block-heading\"><strong>\u0160ta nam je potrebno za prijavljivanje?<\/strong><\/h4>\n\n\n\n<ul class=\"wp-block-list\">\n<li>oformite tim;<\/li>\n\n\n\n<li>osmislite ideju;<\/li>\n\n\n\n<li>popunite prijavne obrasce, a zatim i prijavni formular;<\/li>\n\n\n\n<li>\u010dekajte dobre vesti!<\/li>\n<\/ul>\n\n\n\n<h4 class=\"wp-block-heading\"><strong>Koji su uslovi konkursa?<\/strong><\/h4>\n\n\n\n<ul class=\"wp-block-list\">\n<li>inicijative se sprovode na teritoriji Republike Srbije;<\/li>\n\n\n\n<li>konkurs je otvoren za grupe mladih od 15 do 30 godina, gde je predstavnik neformalne grupe punoletno lice, i za udru\u017eenja mladih \u010dije 2\/3 \u010dlanova imaju izme\u0111u 15 i 30 godina;<\/li>\n\n\n\n<li>projekti su volonterske inicijative, koje nisu u svrhu li\u010dne koristi, a imaju za cilj da podr\u017ee i osna\u017ee lokalnu zajednicu i njene \u010dlanove;<\/li>\n\n\n\n<li>aktivnosti predvi\u0111ene projektom se moraju realizovati u periodu od 1. avgusta do 30. septembra;<\/li>\n\n\n\n<li>sve aktivnosti i tro\u0161kovi moraju biti u skladu sa <a href=\"https:\/\/cegrad.org\/wp-content\/uploads\/2025\/07\/1-Smernice-SMRS-2025.pdf\" target=\"_blank\" rel=\"noreferrer noopener\">Smernicama Ministarstva turizma i omladine<\/a>.<\/li>\n<\/ul>\n\n\n\n<h4 class=\"wp-block-heading\"><strong>Kakvu podr\u0161ku mo\u017eemo da o\u010dekujemo?<\/strong><\/h4>\n\n\n\n<ul class=\"wp-block-list\">\n<li><strong>sve odabrane grupe \u0107e imati mentore \u2013&nbsp;<\/strong>oni su tu da vam pomognu i podr\u017ee va\u0161e aktivnosti; ukoliko tokom konkursa imate pitanja, mo\u017eete nas kontaktirati jer smo tu da vam pomognemo;<\/li>\n\n\n\n<li><strong>svi predstavnici neformalnih grupa\/udru\u017eenja &nbsp;\u0107e pro\u0107i obuku&nbsp;<\/strong>za sprovo\u0111enje i promociju inicijativa kako bi u\u010desnici stekli ve\u0161tine u projektnom rukovo\u0111enju, dobro isplanirali svoje aktivnosti i na\u0161li najbolji na\u010din da ih promovi\u0161u;<\/li>\n\n\n\n<li><strong>sve inicijative \u0107e biti finansijski podr\u017eane<\/strong>&nbsp;u maksimalnom iznosu do&nbsp;<strong>80.000,00 dinara<\/strong>&nbsp;po akciji, u skladu sa ovogodi\u0161njim bud\u017eetom projekta.<\/li>\n<\/ul>\n\n\n\n<h4 class=\"wp-block-heading\"><strong>Koje su teme volonterskih #\u0160taNamTe\u0161ko projekata?<\/strong><\/h4>\n\n\n\n<p>Smatramo da svaki volonterski doprinos koji ima za cilj unapre\u0111enje zajednice treba biti podr\u017ean. Tokom prethodnih godina podr\u017eali smo brojne aktivnosti koje su zaista unapredile brojne zajednice. Teme va\u0161ih #\u0160taNamTe\u0161ko volonterskih projekata mogu biti zaista raznolike: ekolo\u0161ke, edukativne, socijalne, tj. usmerene posebno ugro\u017eenim grupama ljudi, zatim renoviranje, kampanje, kulturni programi itd.<\/p>\n\n\n\n<h4 class=\"wp-block-heading\"><strong>Va\u017eno je da ideja va\u0161eg #\u0160NT projekta:<\/strong><\/h4>\n\n\n\n<ul class=\"wp-block-list\">\n<li>re\u0161ava konkretan problem ili potrebu zajednice;<\/li>\n\n\n\n<li>bude ostvarljiva u predvi\u0111enom roku i sa predvi\u0111enim bud\u017eetom;<\/li>\n\n\n\n<li>bude neprofitnog karaktera i ne koristi se za lli\u010dnu dobit;<\/li>\n\n\n\n<li>ima u planu aktivnosti koje su dru\u0161tveno korisne, potrebne va\u0161oj zajednici i otvorene za sve;<\/li>\n\n\n\n<li>promovi\u0161e solidarnost, himanost, inkluziju, jednake \u0161anse za sve i ne diskrimini\u0161e ranjive dru\u0161tvene grupe.<\/li>\n<\/ul>\n\n\n\n<p>Evo nekih ideja \u0161ta biste sve mogli da radite\/promenite u svom okru\u017eenju, tj. lokalnoj zajednici:<\/p>\n\n\n\n<ul class=\"wp-block-list\">\n<li>organizujte aktivnosti ure\u0111enja i renoviranja javnih prostora u mestu u kom \u017eivite;<\/li>\n\n\n\n<li>organizujte akcije u cilju za\u0161tite \u017eivotne sredine;<\/li>\n\n\n\n<li>promovi\u0161ite me\u0111ugeneracijsku saradnju i razmenu znanja me\u0111u generacijama;<\/li>\n\n\n\n<li>organizujte kampanje kojima promovi\u0161ete zdrave i bezbedne stilove \u017eivota, zelene vidove prevoza, solidarnost i humanost prema ranjivim, socijalno-ugro\u017eenim grupama, \u017eivotinjama, itd.<\/li>\n<\/ul>\n\n\n\n<h4 class=\"wp-block-heading\"><\/h4>\n\n\n\n<h4 class=\"wp-block-heading\"><strong>Kako da se prijavite?<\/strong><\/h4>\n\n\n\n<h5 class=\"wp-block-heading\"><strong>Korak 1<\/strong>&nbsp;\u2013 preuzmite dokumentaciju za prijavljivanje koju je neophodno popuniti, i to:<\/h5>\n\n\n\n<ol class=\"wp-block-list\">\n<li><a href=\"https:\/\/ukljucise.mis.org.rs\/wp-content\/uploads\/2025\/07\/Aneks-I-Predlog-projekta-SNT25.docx\">Aneks I \u2013 Obrazac prijave<\/a><\/li>\n\n\n\n<li><a href=\"https:\/\/ukljucise.mis.org.rs\/wp-content\/uploads\/2025\/07\/Aneks-II-Predlog-budzeta-SNT25.xlsx\">Aneks II \u2013 Obrazac bud\u017eeta #\u0160taNamTe\u0161ko projekta<\/a><\/li>\n\n\n\n<li><a href=\"https:\/\/ukljucise.mis.org.rs\/wp-content\/uploads\/2025\/07\/Aneks-III-Izjava-predstavnika-NFG-SNT25.docx\">Aneks III \u2013 Saglasnost predstavnika udru\u017eenja ili neformalne grupe<\/a><\/li>\n<\/ol>\n\n\n\n<p>Nakon preuzimanja popunite sva tri dokumenta u skladu sa instrukcijama.<\/p>\n\n\n\n<h5 class=\"wp-block-heading\"><strong>Korak 2<\/strong><\/h5>\n\n\n\n<p>Kada imate spremna dokumenta, sva dokumenta \u0161aljete preko <a href=\"https:\/\/ukljucise.mis.org.rs\/predlozi-ideju\/\" target=\"_blank\" rel=\"noreferrer noopener\">online formulara<\/a> (Aneks I, Aneks II i Aneks III), uz prilog fotografija koje bolje obja\u0161njavaju problem koji \u017eelite da re\u0161ite.<\/p>\n\n\n\n<h5 class=\"wp-block-heading\"><strong>Korak 3<\/strong><\/h5>\n\n\n\n<p>Sve \u0161to je ostalo jeste da sa\u010dekate rezultate konkursa!<\/p>\n\n\n\n<h5 class=\"wp-block-heading\"><strong>Rok za predaju ideja za prvi krug konkursa je 30. jul.<\/strong><\/h5>\n\n\n\n<p>Konkurs je otvoren, a pozivi se objavljuju na dve nedelje sve do utro\u0161ka bud\u017eetskih sredstava predvi\u0111enih za podr\u0161ku neformalnim grupama.<\/p>\n\n\n\n<p>Imate pitanja? Kontaktirajte nas putem mejla office@cegrad.org<\/p>\n\n\n\n<h4 class=\"wp-block-heading\">Sre\u0107no!<\/h4>\n\n\n\n<p><\/p>\n","protected":false},"excerpt":{"rendered":"<p>#\u0160tanamte\u0161ko&nbsp;da i ove godine nastavimo sa podr\u017eavanjem lokalnih inicijativa! Prepoznaje\u0161 problem u svom kraju? Ima\u0161 ekipu sa kojom to mo\u017ee\u0161 da re\u0161i\u0161? Odli\u010dno, na dobrom ste putu da problem pretvorite u izazov! Podr\u0161ka lokalnim inicijativama \u201e\u0160ta nam te\u0161ko\u201c je deo projekta&nbsp; \u201eMladi su zakon 2025\u201c koji Mladi istra\u017eiva\u010di Srbije sprovode u saradnji sa organizacijama Pokret gorana Vojvodine, Centar za gra\u0111ansko [&hellip;]<\/p>\n","protected":false},"author":1,"featured_media":832,"comment_status":"open","ping_status":"open","sticky":false,"template":"","format":"standard","meta":{"footnotes":""},"categories":[4,5],"tags":[],"class_list":["post-831","post","type-post","status-publish","format-standard","has-post-thumbnail","hentry","category-vesti","category-vesti-vesti"],"_links":{"self":[{"href":"https:\/\/cegrad.org\/index.php\/wp-json\/wp\/v2\/posts\/831","targetHints":{"allow":["GET"]}}],"collection":[{"href":"https:\/\/cegrad.org\/index.php\/wp-json\/wp\/v2\/posts"}],"about":[{"href":"https:\/\/cegrad.org\/index.php\/wp-json\/wp\/v2\/types\/post"}],"author":[{"embeddable":true,"href":"https:\/\/cegrad.org\/index.php\/wp-json\/wp\/v2\/users\/1"}],"replies":[{"embeddable":true,"href":"https:\/\/cegrad.org\/index.php\/wp-json\/wp\/v2\/comments?post=831"}],"version-history":[{"count":3,"href":"https:\/\/cegrad.org\/index.php\/wp-json\/wp\/v2\/posts\/831\/revisions"}],"predecessor-version":[{"id":837,"href":"https:\/\/cegrad.org\/index.php\/wp-json\/wp\/v2\/posts\/831\/revisions\/837"}],"wp:featuredmedia":[{"embeddable":true,"href":"https:\/\/cegrad.org\/index.php\/wp-json\/wp\/v2\/media\/832"}],"wp:attachment":[{"href":"https:\/\/cegrad.org\/index.php\/wp-json\/wp\/v2\/media?parent=831"}],"wp:term":[{"taxonomy":"category","embeddable":true,"href":"https:\/\/cegrad.org\/index.php\/wp-json\/wp\/v2\/categories?post=831"},{"taxonomy":"post_tag","embeddable":true,"href":"https:\/\/cegrad.org\/index.php\/wp-json\/wp\/v2\/tags?post=831"}],"curies":[{"name":"wp","href":"https:\/\/api.w.org\/{rel}","templated":true}]}}