{"id":808,"date":"2025-01-17T09:15:35","date_gmt":"2025-01-17T09:15:35","guid":{"rendered":"https:\/\/cegrad.org\/?p=808"},"modified":"2025-01-17T15:32:19","modified_gmt":"2025-01-17T15:32:19","slug":"info-sesije-o-programu-podrske-neformalnim-grupama","status":"publish","type":"post","link":"https:\/\/cegrad.org\/index.php\/2025\/01\/17\/info-sesije-o-programu-podrske-neformalnim-grupama\/","title":{"rendered":"Info sesije o Programu podr\u0161ke neformalnim grupama"},"content":{"rendered":"\n<p>Centar za gra\u0111ansko delovanje poziva sve zainteresovane neformalne grupe iz <strong>Grada Beograda<\/strong> i <strong>Zlatiborskog okruga<\/strong> da se priklju\u010de informativnim sesijama o <strong><a href=\"https:\/\/cegrad.org\/index.php\/2025\/01\/15\/program-podrske-neformalnim-grupama\/\" data-type=\"link\" data-id=\"https:\/\/cegrad.org\/index.php\/2025\/01\/15\/program-podrske-neformalnim-grupama\/\" target=\"_blank\" rel=\"noreferrer noopener\">Programu podr\u0161ke neformalnim grupama<\/a><\/strong>. Ove sesije pru\u017eaju priliku da saznate vi\u0161e o uslovima za prijavu, vrsti podr\u0161ke koja je na raspolaganju i samom procesu apliciranja.<\/p>\n\n\n\n<p><strong>Raspored info sesija:<\/strong><br>\ud83d\udcc5 <strong>21. januar 2025.<\/strong><\/p>\n\n\n\n<ul class=\"wp-block-list\">\n<li><strong>Prijepolje<\/strong> \u2013 Kancelarija za mlade, Dom kulture, <strong>12:00 \u010dasova<\/strong><\/li>\n\n\n\n<li><strong>Obrenovac<\/strong> \u2013 Klub za decu i mlade, Dom kulture i sporta, <strong>12:00 \u010dasova<\/strong><\/li>\n<\/ul>\n\n\n\n<p>\ud83d\udcc5 <strong>24. januar 2025.<\/strong><\/p>\n\n\n\n<ul class=\"wp-block-list\">\n<li><strong>U\u017eice<\/strong> \u2013 Regionalni centar U\u017eice, <strong>12:00 \u010dasova<\/strong><\/li>\n<\/ul>\n\n\n\n<p><strong>Za\u0161to u\u010destvovati?<\/strong><br>Info sesije su osmi\u0161ljene da:<\/p>\n\n\n\n<ul class=\"wp-block-list\">\n<li>Detaljno predstave <strong><a href=\"https:\/\/cegrad.org\/index.php\/2025\/01\/15\/program-podrske-neformalnim-grupama\/\" data-type=\"link\" data-id=\"https:\/\/cegrad.org\/index.php\/2025\/01\/15\/program-podrske-neformalnim-grupama\/\" target=\"_blank\" rel=\"noreferrer noopener\">Program podr\u0161ke neformalnim grupama<\/a><\/strong>,<\/li>\n\n\n\n<li>Ponude odgovore na va\u0161a pitanja o uslovima i procesu prijave,<\/li>\n\n\n\n<li>Pomognu grupama da bolje defini\u0161u svoje projektne ideje.<\/li>\n<\/ul>\n\n\n\n<p><strong>Ko mo\u017ee da se prijavi?<\/strong><br>Program je namenjen neformalnim grupama koje okupljaju najmanje tri osobe, od kojih je bar jedna punoletna. Va\u0161a grupa ne mora biti registrovana kao udru\u017eenje gra\u0111ana niti imati prethodno iskustvo \u2013 dovoljno je da poka\u017eete povezanost sa zajednicom i posve\u0107enost re\u0161avanju lokalnih problema.<\/p>\n\n\n\n<p><strong>Podr\u0161ka koju mo\u017eete dobiti:<\/strong><\/p>\n\n\n\n<ul class=\"wp-block-list\">\n<li><strong>Finansijska podr\u0161ka<\/strong> do 235.000,00 RSD,<\/li>\n\n\n\n<li><strong>Mentorska i ekspertska pomo\u0107<\/strong> od strane posredni\u010dkih organizacija.<\/li>\n<\/ul>\n\n\n\n<p><strong>Kako se prijaviti na info sesiju?<\/strong><br>Prisustvo info sesijama nije potrebno prijavljivati unapred, ve\u0107 je dovoljno da do\u0111ete na navedene lokacije u zakazano vreme.<\/p>\n\n\n\n<p>Za dodatne informacije o programu ili sesijama mo\u017eete nas kontaktirati na:<br>\ud83d\udcde <strong>064\/132-9336<\/strong><br>\u2709 <strong><a>ugcegrad@gmail.com<\/a><\/strong><\/p>\n\n\n\n<hr class=\"wp-block-separator has-alpha-channel-opacity\"\/>\n\n\n\n<p><strong>O programu<\/strong><br>Program podr\u0161ke neformalnim grupama realizuje se u okviru projekta <strong>\u201eEU Resurs centar za civilno dru\u0161tvo u Srbiji\u201c<\/strong>, koji sprovodi <strong>Beogradska otvorena \u0161kola<\/strong> u partnerstvu sa Novosadskom novinarskom \u0161kolom, ENECA-om, U\u017ei\u010dkim centrom za prava deteta, i drugim partnerskim organizacijama. Projekat je podr\u017ean od strane <strong>Delegacije Evropske unije u Srbiji<\/strong> i traje od 2023. do 2026. godine.<\/p>\n\n\n\n<p>Ne propustite priliku da doprinesete razvoju svoje zajednice \u2013 vidimo se na info sesijama!<\/p>\n","protected":false},"excerpt":{"rendered":"<p>Centar za gra\u0111ansko delovanje poziva sve zainteresovane neformalne grupe iz Grada Beograda i Zlatiborskog okruga da se priklju\u010de informativnim sesijama o Programu podr\u0161ke neformalnim grupama. Ove sesije pru\u017eaju priliku da saznate vi\u0161e o uslovima za prijavu, vrsti podr\u0161ke koja je na raspolaganju i samom procesu apliciranja. Raspored info sesija:\ud83d\udcc5 21. januar 2025. \ud83d\udcc5 24. januar 2025. Za\u0161to u\u010destvovati?Info sesije su [&hellip;]<\/p>\n","protected":false},"author":1,"featured_media":811,"comment_status":"open","ping_status":"open","sticky":false,"template":"","format":"standard","meta":{"footnotes":""},"categories":[4,5],"tags":[],"class_list":["post-808","post","type-post","status-publish","format-standard","has-post-thumbnail","hentry","category-vesti","category-vesti-vesti"],"_links":{"self":[{"href":"https:\/\/cegrad.org\/index.php\/wp-json\/wp\/v2\/posts\/808","targetHints":{"allow":["GET"]}}],"collection":[{"href":"https:\/\/cegrad.org\/index.php\/wp-json\/wp\/v2\/posts"}],"about":[{"href":"https:\/\/cegrad.org\/index.php\/wp-json\/wp\/v2\/types\/post"}],"author":[{"embeddable":true,"href":"https:\/\/cegrad.org\/index.php\/wp-json\/wp\/v2\/users\/1"}],"replies":[{"embeddable":true,"href":"https:\/\/cegrad.org\/index.php\/wp-json\/wp\/v2\/comments?post=808"}],"version-history":[{"count":1,"href":"https:\/\/cegrad.org\/index.php\/wp-json\/wp\/v2\/posts\/808\/revisions"}],"predecessor-version":[{"id":809,"href":"https:\/\/cegrad.org\/index.php\/wp-json\/wp\/v2\/posts\/808\/revisions\/809"}],"wp:featuredmedia":[{"embeddable":true,"href":"https:\/\/cegrad.org\/index.php\/wp-json\/wp\/v2\/media\/811"}],"wp:attachment":[{"href":"https:\/\/cegrad.org\/index.php\/wp-json\/wp\/v2\/media?parent=808"}],"wp:term":[{"taxonomy":"category","embeddable":true,"href":"https:\/\/cegrad.org\/index.php\/wp-json\/wp\/v2\/categories?post=808"},{"taxonomy":"post_tag","embeddable":true,"href":"https:\/\/cegrad.org\/index.php\/wp-json\/wp\/v2\/tags?post=808"}],"curies":[{"name":"wp","href":"https:\/\/api.w.org\/{rel}","templated":true}]}}