{"id":803,"date":"2025-01-15T14:01:59","date_gmt":"2025-01-15T14:01:59","guid":{"rendered":"https:\/\/cegrad.org\/?p=803"},"modified":"2025-01-15T14:09:30","modified_gmt":"2025-01-15T14:09:30","slug":"program-podrske-neformalnim-grupama","status":"publish","type":"post","link":"https:\/\/cegrad.org\/index.php\/2025\/01\/15\/program-podrske-neformalnim-grupama\/","title":{"rendered":"Program podr\u0161ke neformalnim grupama!"},"content":{"rendered":"\n<p>Ukoliko ste grupa pojedinaca, okupljena oko re\u0161avanja nekog problema u zajednici, koja broji najmanje tri osobe, koje su dr\u017eavljani Srbije i ukoliko je makar jedna osoba me\u0111u vama punoletna, mo\u017eete se prijaviti na na\u0161 Program podr\u0161ke neformalnim grupama! Mi \u0107emo vas podr\u017eati, finansijski i mentorski, pri re\u0161avanju konkretnog problema u va\u0161oj zajednici.<\/p>\n\n\n\n<p>Neke od aktivnosti koje mo\u017eete sprovoditi u okviru ovog programa su kampanje za podizanje svesti lokalnog stanovni\u0161tva o odre\u0111enom problemu (koje mogu biti i onlajn i oflajn), zatim ure\u0111enje javnog prostora (parkovi, me\u0111ublokovski prostor, pe\u0161a\u010dke i biciklisti\u010dke staze itd.) ili anga\u017eovanje zajednice kroz razli\u010dite formate (peticije, tribine, uli\u010dne akcije itd.).<\/p>\n\n\n\n<p>Od vas se o\u010dekuje da delujete i radite u svojoj lokalnoj zajednici i da doprinesete dobrobiti zajednice i pronala\u017eenju re\u0161enja za konkretne probleme\/izazove. Uz to, nije potrebno da va\u0161a grupa bude registrovana kao udru\u017eenje gra\u0111ana niti da ima prethodnog iskustva, ve\u0107 da u predlogu projekta poka\u017eete da ste svojim delovanjem utemeljeni u zajednici, tj. da se bavite temama koje su va\u017ene za zajednicu i da u svoj rad uklju\u010dujete gra\u0111ane.<\/p>\n\n\n\n<p><strong>KOJU VRSTU PODR\u0160KE IMATE NA RASPOLAGANJU?<\/strong><br>Kada je re\u010d o finansijskoj podr\u0161ci, mo\u017eete konkurisati za projekte u maksimalnoj vrednosti do 235.000,00 RSD.<\/p>\n\n\n\n<p>Ukoliko budete odabrani za podr\u0161ku, projekte \u0107ete realizovati, prvenstveno, uz podr\u0161ku posredni\u010dkih organizacija EU Resurs centra i ta podr\u0161ka \u0107e se sastojati iz dva segmenta:<\/p>\n\n\n\n<ul class=\"wp-block-list\">\n<li><strong>programskog<\/strong> \u2013 posredni\u010dke organizacije \u0107e pomo\u0107i neformalnim grupama u implementaciji projekata i ostvarivanju postavljenog cilja kroz pru\u017eanje mentorske i ekspertske podr\u0161ke;<\/li>\n\n\n\n<li><strong>finansijskog<\/strong> \u2013 sva pla\u0107anja neformalnih grupa bi\u0107e realizovana preko posredni\u010dkih organizacija u skladu sa odobrenim bud\u017eetima neformalnih grupa.<\/li>\n<\/ul>\n\n\n\n<p>Period trajanja projekta je \u010detiri meseca, a odabrane neformalne grupe su u obavezi da svoje projekte realizuju u periodu od 1. marta do 30. juna 2025. godine.<\/p>\n\n\n\n<p>Posredni\u010dke organizacije koje \u0107e raditi sa neformalnim grupama tokom 2025. godine su:<br>Centar za gra\u0111ansko delovanje iz Obrenovca, Asocijacija DUGA iz \u0160apca, Organizacija Pro.Tok21 iz Smedereva, Edukativni centar Kru\u0161evac, Centar za razvoj gra\u0111anskog dru\u0161tva PROTECTA iz Ni\u0161a, Tim 42 iz Leskovca, Asocijacija Kulturanova iz Novog Sada, te Pokret gorana Vojvodine iz Sremskih Karlovaca. Neformalne grupe bi\u0107e raspore\u0111ene posredni\u010dkim organizacijama u zavisnosti od okruga u kom deluju (vi\u0161e informacija nalazi se u Smernicama).<\/p>\n\n\n\n<p><strong>Centar za gra\u0111ansko delovanje<\/strong> zadu\u017een je za <strong>Grad Beograd<\/strong> i <strong>Zlatiborski okrug<\/strong>, te nas zainteresovane grupe za vi\u0161e informacija o programu mogu kontaktirati na:<br>\ud83d\udcde <strong>064\/132-9336<\/strong><br>\u2709 <strong><a>ugcegrad@gmail.com<\/a><\/strong><\/p>\n\n\n\n<p><strong>KOLIKO PROJEKATA \u0106E BITI PODR\u017dANO?<\/strong><br>Kroz Program podr\u0161ke za neformalne grupe bi\u0107e podr\u017eano do 80 projekata neformalnih grupa u 2025. godini, i to na slede\u0107i na\u010din:<\/p>\n\n\n\n<ul class=\"wp-block-list\">\n<li>Novosadska novinarska \u0161kola u saradnji sa partnerskim posredni\u010dkim organizacijama podr\u017ea\u0107e do 20 projekata neformalnih grupa;<\/li>\n\n\n\n<li>Organizacija ENECA u saradnji sa partnerskim posredni\u010dkim organizacijama podr\u017ea\u0107e do 30 projekata neformalnih grupa;<\/li>\n\n\n\n<li>U\u017ei\u010dki centar za prava deteta u saradnji sa partnerskim posredni\u010dkim organizacijama podr\u017ea\u0107e do 30 projekata neformalnih grupa.<\/li>\n<\/ul>\n\n\n\n<p>Poziv za dodelu donacija za neformalne grupe bi\u0107e raspisan jednom godi\u0161nje u okviru EU Resurs centra (bi\u0107e ukupno tri poziva).<\/p>\n\n\n\n<p>Neformalne grupe mogu da dostave samo jednu prijavu u okviru ovog poziva.<\/p>\n\n\n\n<p><strong>KAKO I KAD DA SE PRIJAVITE?<\/strong><br>Prijava treba da sadr\u017ei slede\u0107u dokumentaciju:<\/p>\n\n\n\n<ul class=\"wp-block-list\">\n<li>Aneks 1: Prijavni formular<\/li>\n\n\n\n<li>Aneks 2: Predlog bud\u017eeta projekta<\/li>\n\n\n\n<li>Aneks 3: Izjava neformalne grupe<\/li>\n<\/ul>\n\n\n\n<p>Za prijavu se obavezno koriste obrasci koje mo\u017eete preuzeti na ovom <strong><a href=\"https:\/\/euresurscentar.bos.rs\/sr\/uploaded\/Dokumentacija%20neformalne%20grupe.rar\" target=\"_blank\" rel=\"noreferrer noopener\">LINKU<\/a><\/strong>.<\/p>\n\n\n\n<p>Neformalne grupe podnose predlog projekta isklju\u010divo elektronskim putem na mejl regionalnog EU Resurs centra koji pokriva okrug u kom neformalna grupa deluje.<\/p>\n\n\n\n<p>Mejl adrese na koje treba da po\u0161aljete projektnu dokumentaciju nalaze se u Smernicama, a u ovom dokumentu navedene su i mejl adrese posredni\u010dkih organizacija na koje mo\u017eete slati pitanja i nedoumice koje imate.<\/p>\n\n\n\n<p>Rok za podno\u0161enje predloga projekata je 10. februar 2025. godine, do 23:59 \u010dasova.<\/p>\n\n\n\n<p>Detaljnije informacije o ovom pozivu na\u0107i \u0107ete u Smernicama za u\u010de\u0161\u0107e u Programu podr\u0161ke neformalnim grupama koje mo\u017eete na\u0107i na ovom <strong><a href=\"https:\/\/euresurscentar.bos.rs\/sr\/uploaded\/Smernice%20za%20ucesce%20u%20Programu%20podrske%20neformalnim%20grupama%202025.docx%20(1).pdf\" target=\"_blank\" rel=\"noreferrer noopener\">LINKU<\/a><\/strong>.<\/p>\n\n\n\n<p>Posredni\u010dke organizacije \u0107e realizovati Info sesije o ovom pozivu tokom januara, a ta\u010dan datum, vreme i mesto odr\u017eavanja info sesija bi\u0107e objavljen na njihovim sajtovima i dru\u0161tvenim mre\u017eama, kao i na kanalima komunikacija EU Resurs centra.<\/p>\n\n\n\n<p>Ovaj poziv se realizuje u okviru projekta \u201eEU Resurs centar za civilno dru\u0161tvo u Srbiji\u201c koji Beogradska otvorena \u0161kola sprovodi u partnerstvu s organizacijama civilnog dru\u0161tva: Novosadska novinarska \u0161kola, ENECA, U\u017ei\u010dki centar za prava deteta, Nova planska praksa, Sigurne staze, Mladi poljoprivrednici Srbije i me\u0111unarodnim partnerom, fondacijom Friedrich Ebert (Friedrich Ebert Stiftung). Projekat je podr\u017ean od strane Delegacije Evropske unije u Srbiji i bi\u0107e realizovan u periodu od 2023. do 2026. godine.<\/p>\n","protected":false},"excerpt":{"rendered":"<p>Ukoliko ste grupa pojedinaca, okupljena oko re\u0161avanja nekog problema u zajednici, koja broji najmanje tri osobe, koje su dr\u017eavljani Srbije i ukoliko je makar jedna osoba me\u0111u vama punoletna, mo\u017eete se prijaviti na na\u0161 Program podr\u0161ke neformalnim grupama! Mi \u0107emo vas podr\u017eati, finansijski i mentorski, pri re\u0161avanju konkretnog problema u va\u0161oj zajednici. Neke od aktivnosti koje mo\u017eete sprovoditi u okviru [&hellip;]<\/p>\n","protected":false},"author":1,"featured_media":804,"comment_status":"open","ping_status":"open","sticky":false,"template":"","format":"standard","meta":{"footnotes":""},"categories":[4,5],"tags":[],"class_list":["post-803","post","type-post","status-publish","format-standard","has-post-thumbnail","hentry","category-vesti","category-vesti-vesti"],"_links":{"self":[{"href":"https:\/\/cegrad.org\/index.php\/wp-json\/wp\/v2\/posts\/803","targetHints":{"allow":["GET"]}}],"collection":[{"href":"https:\/\/cegrad.org\/index.php\/wp-json\/wp\/v2\/posts"}],"about":[{"href":"https:\/\/cegrad.org\/index.php\/wp-json\/wp\/v2\/types\/post"}],"author":[{"embeddable":true,"href":"https:\/\/cegrad.org\/index.php\/wp-json\/wp\/v2\/users\/1"}],"replies":[{"embeddable":true,"href":"https:\/\/cegrad.org\/index.php\/wp-json\/wp\/v2\/comments?post=803"}],"version-history":[{"count":3,"href":"https:\/\/cegrad.org\/index.php\/wp-json\/wp\/v2\/posts\/803\/revisions"}],"predecessor-version":[{"id":807,"href":"https:\/\/cegrad.org\/index.php\/wp-json\/wp\/v2\/posts\/803\/revisions\/807"}],"wp:featuredmedia":[{"embeddable":true,"href":"https:\/\/cegrad.org\/index.php\/wp-json\/wp\/v2\/media\/804"}],"wp:attachment":[{"href":"https:\/\/cegrad.org\/index.php\/wp-json\/wp\/v2\/media?parent=803"}],"wp:term":[{"taxonomy":"category","embeddable":true,"href":"https:\/\/cegrad.org\/index.php\/wp-json\/wp\/v2\/categories?post=803"},{"taxonomy":"post_tag","embeddable":true,"href":"https:\/\/cegrad.org\/index.php\/wp-json\/wp\/v2\/tags?post=803"}],"curies":[{"name":"wp","href":"https:\/\/api.w.org\/{rel}","templated":true}]}}