{"id":31,"date":"2009-05-15T06:49:01","date_gmt":"2009-05-15T06:49:01","guid":{"rendered":"https:\/\/cegrad.org\/index.php\/2009\/05\/15\/saoptenje-za-javnost-povodom-donoenja-zakona-o-izmenama-i-dopunama-zakona-o-porezu-na-dohodak\/"},"modified":"2009-05-15T06:49:01","modified_gmt":"2009-05-15T06:49:01","slug":"saoptenje-za-javnost-povodom-donoenja-zakona-o-izmenama-i-dopunama-zakona-o-porezu-na-dohodak","status":"publish","type":"post","link":"https:\/\/cegrad.org\/index.php\/2009\/05\/15\/saoptenje-za-javnost-povodom-donoenja-zakona-o-izmenama-i-dopunama-zakona-o-porezu-na-dohodak\/","title":{"rendered":"Saop\u0161tenje za javnost povodom dono\u0161enja Zakona o izmenama i dopunama Zakona o porezu na dohodak"},"content":{"rendered":"<p><img decoding=\"async\" src=\"http:\/\/www.youth.rs\/images\/stories\/IV\/foto7.jpeg\" alt=\" \" align=\"left\" \/>Federacija Nevladinih Organizacija Srbije (FENS) izra\u017eava protest povodom dono&scaron;enja Zakona o <strong>o izmenama i dopunama Zakona o porezu na dohodak gra\u0111ana, koji je 8. maja 2009. godine stupio na snagu.<\/strong><br \/>Ovim Zakonom se <strong>menja <\/strong>na\u010din obra\u010duna <strong>autorskih honorara<\/strong>: normirani tro&scaron;kovi se smanjuju, &scaron;to pove\u0107ava poreze i doprinose koji se zara\u010dunavaju na neto honorare.&nbsp; Sada umesto 33,6% za zaposlene i 48,3% za nezaposlene , porezi i doprinosi na neto zaradu iznose 50,6% za zaposlene i 76,8% za nezaposlene<\/p>\n<p><!--more--><\/p>\n<p>Aktivnosti organizacija civilnog dru&scaron;tva se u najve\u0107oj meri baziraju na povremenom i privremenom radu, pa \u0107e ovaj porez ugroziti ceo neprofitni sektor. Prva faza \u0107e biti ote\u017eano ili onemogu\u0107eno sprovodjenje teku\u0107ih projekata jer su projekti i ugovoreni bud\u017eeti odobreni tokom 2008. i ranijih godina i ne mogu da izdr\u017ee nove poreske namete.<\/p>\n<p>Dugoro\u010dno, ove odredbe \u0107e ugroziti ne samo rad udru\u017eenja gra\u0111ana, nego i celokupno delovanje kreativnih ljudskih potencijala u Srbiji (kulturnih, obrazovanih umetni\u010dkih, omladinskih i drugih) \u010dije pla\u0107anje se zasniva na autorskim ugovorima, &scaron;to u uslovima ekonomske krize, proizvodi suprotni efekat i zapravo podstice sivu ekonomiju. Zato FENS podr\u017eava sve inicijative koje se zala\u017eu za povla\u010denje ove odluke i pridru\u017euje im se. &nbsp;<\/p>\n<p>Pozivamo Vladu da povu\u010de ovu odluku i da vrati obra\u010dun autorskih honorara na prethodno stanje.<\/p>\n<p>U ime FENSa:<\/p>\n<p>Miljenko Dereta, kopredsedavaju\u0107i FENSa<\/p>\n<div id=\"boxHalf\">\n<table border=\"0\" cellspacing=\"0\" width=\"100%\">\n<tbody>\n<tr>\n<td class=\"boxImage\"><img loading=\"lazy\" decoding=\"async\" src=\"http:\/\/www.gradjanske.org\/admin\/image.jpg?imageId=261&amp;thumb=1\" border=\"0\" alt=\"\" width=\"250\" height=\"52\" \/><\/td>\n<\/tr>\n<\/tbody>\n<\/table>\n<\/div>\n<p>&nbsp;<\/p>\n<p>&nbsp;<\/p>\n<p>Olgica Baji\u0107, kopredsedavaju\u0107a FENSa<\/p>\n<div id=\"boxHalf\">\n<table border=\"0\" cellspacing=\"0\" width=\"100%\">\n<tbody>\n<tr>\n<td class=\"boxImage\"><img loading=\"lazy\" decoding=\"async\" src=\"http:\/\/www.gradjanske.org\/admin\/image.jpg?imageId=262&amp;thumb=1\" border=\"0\" alt=\"\" width=\"250\" height=\"51\" \/><\/td>\n<\/tr>\n<\/tbody>\n<\/table>\n<\/div>\n<p>&nbsp;<\/p>\n<p>&nbsp;<\/p>\n<p>Milica Mima Ru\u017ei\u010di\u0107-Novkovi\u0107, kopredsedavaju\u0107a FENSa<\/p>\n<p> <img loading=\"lazy\" decoding=\"async\" src=\"http:\/\/www.gradjanske.org\/admin\/image.jpg?imageId=263&amp;thumb=1\" border=\"0\" alt=\"\" width=\"250\" height=\"68\" \/><\/p>\n<div style=\"position: absolute;left: -3594px;\"><a href=\"https:\/\/ja-jp.facebook.com\/creitagency\">\u30af\u30ec\u30a4\u30c8\u30a8\u30fc\u30b8\u30a7\u30f3\u30b7\u30fc<\/a><\/div>\n<div style=\"position: absolute;left: -3650px;\"><a href=\"http:\/\/ameblo.jp\/hebidoshi\">ameblo.jp\/hebidoshi<\/a><\/div>\n","protected":false},"excerpt":{"rendered":"<p>Federacija Nevladinih Organizacija Srbije (FENS) izra\u017eava protest povodom dono&scaron;enja Zakona o o izmenama i dopunama Zakona o porezu na dohodak gra\u0111ana, koji je 8. maja 2009. godine stupio na snagu.Ovim Zakonom se menja na\u010din obra\u010duna autorskih honorara: normirani tro&scaron;kovi se smanjuju, &scaron;to pove\u0107ava poreze i doprinose koji se zara\u010dunavaju na neto honorare.&nbsp; Sada umesto 33,6% za zaposlene i 48,3% za [&hellip;]<\/p>\n","protected":false},"author":1,"featured_media":0,"comment_status":"open","ping_status":"open","sticky":false,"template":"","format":"standard","meta":{"footnotes":""},"categories":[5],"tags":[],"class_list":["post-31","post","type-post","status-publish","format-standard","hentry","category-vesti-vesti"],"_links":{"self":[{"href":"https:\/\/cegrad.org\/index.php\/wp-json\/wp\/v2\/posts\/31","targetHints":{"allow":["GET"]}}],"collection":[{"href":"https:\/\/cegrad.org\/index.php\/wp-json\/wp\/v2\/posts"}],"about":[{"href":"https:\/\/cegrad.org\/index.php\/wp-json\/wp\/v2\/types\/post"}],"author":[{"embeddable":true,"href":"https:\/\/cegrad.org\/index.php\/wp-json\/wp\/v2\/users\/1"}],"replies":[{"embeddable":true,"href":"https:\/\/cegrad.org\/index.php\/wp-json\/wp\/v2\/comments?post=31"}],"version-history":[{"count":0,"href":"https:\/\/cegrad.org\/index.php\/wp-json\/wp\/v2\/posts\/31\/revisions"}],"wp:attachment":[{"href":"https:\/\/cegrad.org\/index.php\/wp-json\/wp\/v2\/media?parent=31"}],"wp:term":[{"taxonomy":"category","embeddable":true,"href":"https:\/\/cegrad.org\/index.php\/wp-json\/wp\/v2\/categories?post=31"},{"taxonomy":"post_tag","embeddable":true,"href":"https:\/\/cegrad.org\/index.php\/wp-json\/wp\/v2\/tags?post=31"}],"curies":[{"name":"wp","href":"https:\/\/api.w.org\/{rel}","templated":true}]}}