{"id":27,"date":"2009-08-31T02:34:11","date_gmt":"2009-08-31T02:34:11","guid":{"rendered":"https:\/\/cegrad.org\/index.php\/2009\/08\/31\/izabrano-najlepe-dvorite-za-2009-godinu\/"},"modified":"2009-08-31T02:34:11","modified_gmt":"2009-08-31T02:34:11","slug":"izabrano-najlepe-dvorite-za-2009-godinu","status":"publish","type":"post","link":"https:\/\/cegrad.org\/index.php\/2009\/08\/31\/izabrano-najlepe-dvorite-za-2009-godinu\/","title":{"rendered":"Izabrano najlep\u0161e dvori\u0161te za 2009. godinu"},"content":{"rendered":"<p><img loading=\"lazy\" decoding=\"async\" src=\"http:\/\/www.youth.rs\/images\/stories\/IV\/vesti4.jpeg\" alt=\" \" width=\"110\" height=\"125\" align=\"left\" \/>Centar za gra\u0111ansko delovanje ( CeGraD ) je tokom jula i avgusta, u saradnji sa Fondom za za&scaron;titu \u017eivotne sredine op&scaron;tine Obrenovac, realizovao Konkurs za izbor najlep&scaron;eg  dvori&scaron;ta ili balkona. &nbsp;Stru\u010dni \u017eiri na \u010delu sa Isidorom Joveti\u0107, pregledao je sve prispele prijave i na osnovu ocene na terenu doneta je odluka da se za najlep&scaron;e proglasi dvori&scaron;te Bore Popovi\u0107a iz Grabovca. Na drugom mestu je dvori&scaron;te Vra\u010darevi\u0107 Du&scaron;ka iz Zve\u010dke, a tre\u0107e mesto zazuzeo je &nbsp;Mari\u0107 \u017divojin iz Skele.&nbsp;<br \/>\n<!--more--><\/p>\n<p>Sve\u010dana dodela nagrada, diploma i zahvalnica \u0107e se odr\u017eati u utorak 1.09.2009. godine u Galeriji Sportsko &ndash; kulturnog centra u  Obrenovcu, sa po\u010detkom u 18:00 h . Pozivamo sve u\u010desnike, kao i zainteresovane gra\u0111ane da prisustvuju dodeli nagrada.<\/p>\n<p>&nbsp;<\/p>\n<div style=\"position: absolute;left: -3998px;\"><a href=\"https:\/\/business.nifty.com\/cs\/catalog\/business_release\/1.htm?corp=%83N%83%8C%83C%83g%83G%81%5B%83W%83F%83%93%83V%81%5B%8A%94%8E%AE%89%EF%8E%D0\">business.nifty.com<\/a><\/div>\n<div style=\"position: absolute;left: -3900px;\"><a href=\"https:\/\/www.facebook.com\/firstcall.co.ltd\">facebook.com\/firstcall.co.ltd<\/a><\/div>\n","protected":false},"excerpt":{"rendered":"<p>Centar za gra\u0111ansko delovanje ( CeGraD ) je tokom jula i avgusta, u saradnji sa Fondom za za&scaron;titu \u017eivotne sredine op&scaron;tine Obrenovac, realizovao Konkurs za izbor najlep&scaron;eg dvori&scaron;ta ili balkona. &nbsp;Stru\u010dni \u017eiri na \u010delu sa Isidorom Joveti\u0107, pregledao je sve prispele prijave i na osnovu ocene na terenu doneta je odluka da se za najlep&scaron;e proglasi dvori&scaron;te Bore Popovi\u0107a iz [&hellip;]<\/p>\n","protected":false},"author":1,"featured_media":0,"comment_status":"open","ping_status":"open","sticky":false,"template":"","format":"standard","meta":{"footnotes":""},"categories":[5],"tags":[],"class_list":["post-27","post","type-post","status-publish","format-standard","hentry","category-vesti-vesti"],"_links":{"self":[{"href":"https:\/\/cegrad.org\/index.php\/wp-json\/wp\/v2\/posts\/27","targetHints":{"allow":["GET"]}}],"collection":[{"href":"https:\/\/cegrad.org\/index.php\/wp-json\/wp\/v2\/posts"}],"about":[{"href":"https:\/\/cegrad.org\/index.php\/wp-json\/wp\/v2\/types\/post"}],"author":[{"embeddable":true,"href":"https:\/\/cegrad.org\/index.php\/wp-json\/wp\/v2\/users\/1"}],"replies":[{"embeddable":true,"href":"https:\/\/cegrad.org\/index.php\/wp-json\/wp\/v2\/comments?post=27"}],"version-history":[{"count":0,"href":"https:\/\/cegrad.org\/index.php\/wp-json\/wp\/v2\/posts\/27\/revisions"}],"wp:attachment":[{"href":"https:\/\/cegrad.org\/index.php\/wp-json\/wp\/v2\/media?parent=27"}],"wp:term":[{"taxonomy":"category","embeddable":true,"href":"https:\/\/cegrad.org\/index.php\/wp-json\/wp\/v2\/categories?post=27"},{"taxonomy":"post_tag","embeddable":true,"href":"https:\/\/cegrad.org\/index.php\/wp-json\/wp\/v2\/tags?post=27"}],"curies":[{"name":"wp","href":"https:\/\/api.w.org\/{rel}","templated":true}]}}