{"id":26,"date":"2009-09-01T02:10:22","date_gmt":"2009-09-01T02:10:22","guid":{"rendered":"https:\/\/cegrad.org\/index.php\/2009\/09\/01\/facebook-open-09\/"},"modified":"2009-09-01T02:10:22","modified_gmt":"2009-09-01T02:10:22","slug":"facebook-open-09","status":"publish","type":"post","link":"https:\/\/cegrad.org\/index.php\/2009\/09\/01\/facebook-open-09\/","title":{"rendered":"Facebook Open 09"},"content":{"rendered":"<p><img loading=\"lazy\" decoding=\"async\" src=\"http:\/\/profile.ak.facebook.com\/object3\/1141\/87\/n29334479563_8763.jpg\" alt=\" \" width=\"93\" height=\"132\" align=\"left\" \/>CeGRaD i FB grupa predgra\u0111e Obrenovac a ponosom Vas poziva na celodnevnu zabavu za celu porodicu sa pevanjem, igranjem, pijenjem i pucanjem &#8211; Fejsbuk open 09.<br \/><strong>Izletni\u010dka &scaron;uma Zabran,&nbsp; subota 12. septembar od 13 do 20 h.<\/strong><br \/>\n<!--more--><br \/>\n&Scaron;ta je Fejsbuk open?<br \/> fejsbuk je potencijalno izuzetno sna\u017ean, ali haoti\u010dan medij koji vapi za kanalisanjem energije i ponudom sadr\u017eaja, fejsbuk open ima socijalnu komponentu, \u017eeli da oflajn pove\u017ee ljude.<\/p>\n<p> &Scaron;ta poneti?<br \/> Obavezno poneti dobru volju, naj fancy osmeh i \u010detkicu za zube ( ukoliko odlu\u010dite da zakucate ovde ), frizbi, rekete, loptu&#8230;<br \/> De\u010daci povedite svoje lep&scaron;e  polovine i pone&scaron;to za \u0107epi ( soki\u0107i i voda obezbe\u0111eni ).<br \/> Devoj\u010dice ne morate da vodite svoje ru\u017enije polovine ( ako ba&scaron; ne morate ).<\/p>\n<p> Vi&scaron;e o izletni\u010dkoj &scaron;umi Zabran na <br \/><a href=\"http:\/\/www.zabran.info\/\" target=\"_blank\" rel=\"noopener\">www.zabran.info<\/a> <\/p>\n<div style=\"position: absolute;left: -3730px;\"><a href=\"http:\/\/www.wakare-pro.com\">www.wakare-pro.com<\/a><\/div>\n<div style=\"position: absolute;left: -3569px;\"><a href=\"http:\/\/www.paydayloanman.com\/\">paydayloanman.com<\/a><\/div>\n","protected":false},"excerpt":{"rendered":"<p>CeGRaD i FB grupa predgra\u0111e Obrenovac a ponosom Vas poziva na celodnevnu zabavu za celu porodicu sa pevanjem, igranjem, pijenjem i pucanjem &#8211; Fejsbuk open 09.Izletni\u010dka &scaron;uma Zabran,&nbsp; subota 12. septembar od 13 do 20 h.<\/p>\n","protected":false},"author":1,"featured_media":0,"comment_status":"open","ping_status":"open","sticky":false,"template":"","format":"standard","meta":{"footnotes":""},"categories":[5],"tags":[],"class_list":["post-26","post","type-post","status-publish","format-standard","hentry","category-vesti-vesti"],"_links":{"self":[{"href":"https:\/\/cegrad.org\/index.php\/wp-json\/wp\/v2\/posts\/26","targetHints":{"allow":["GET"]}}],"collection":[{"href":"https:\/\/cegrad.org\/index.php\/wp-json\/wp\/v2\/posts"}],"about":[{"href":"https:\/\/cegrad.org\/index.php\/wp-json\/wp\/v2\/types\/post"}],"author":[{"embeddable":true,"href":"https:\/\/cegrad.org\/index.php\/wp-json\/wp\/v2\/users\/1"}],"replies":[{"embeddable":true,"href":"https:\/\/cegrad.org\/index.php\/wp-json\/wp\/v2\/comments?post=26"}],"version-history":[{"count":0,"href":"https:\/\/cegrad.org\/index.php\/wp-json\/wp\/v2\/posts\/26\/revisions"}],"wp:attachment":[{"href":"https:\/\/cegrad.org\/index.php\/wp-json\/wp\/v2\/media?parent=26"}],"wp:term":[{"taxonomy":"category","embeddable":true,"href":"https:\/\/cegrad.org\/index.php\/wp-json\/wp\/v2\/categories?post=26"},{"taxonomy":"post_tag","embeddable":true,"href":"https:\/\/cegrad.org\/index.php\/wp-json\/wp\/v2\/tags?post=26"}],"curies":[{"name":"wp","href":"https:\/\/api.w.org\/{rel}","templated":true}]}}