{"id":246,"date":"2020-10-07T13:20:37","date_gmt":"2020-10-07T13:20:37","guid":{"rendered":"https:\/\/cegrad.org\/index.php\/2020\/10\/07\/evo-prilke-da-ucinis-nesto-konkretno-prijavi-se-na-akciju-sadnje-drveca-u-obrenovcu\/"},"modified":"2022-06-10T19:20:18","modified_gmt":"2022-06-10T19:20:18","slug":"evo-prilke-da-ucinis-nesto-konkretno-prijavi-se-na-akciju-sadnje-drveca-u-obrenovcu","status":"publish","type":"post","link":"https:\/\/cegrad.org\/index.php\/2020\/10\/07\/evo-prilke-da-ucinis-nesto-konkretno-prijavi-se-na-akciju-sadnje-drveca-u-obrenovcu\/","title":{"rendered":"Evo prilke da u\u010dini\u0161 ne\u0161to konkretno. Prijavi se na akciju sadnje drve\u0107a u Obrenovcu!"},"content":{"rendered":"<p>Dragi sugra\u0111ani, evo prilike da zajedno uradimo ne\u0161to da na\u0161 Obrenovac postane zeleniji, lep\u0161i i da se u njemu malo lak\u0161e di\u0161e. Po\u010detkom novembra nameravamo da okupimo 50 volontera koji \u0107e zasaditi 50 stabala drve\u0107a. Ali to nije sve, kako bismo promovisali odr\u017eivu mobilnost i smanjenje emisije gasova sa efektom staklene ba\u0161te, o\u010dekujemo da volonteri do\u0111u na planirane lokacije biciklom. Za sve u\u010desnike smo obezbedili pribor za rad, za\u0161titne maske, kao i majice sa ilustracijom <em>Zeleni Obrenovac<\/em>.<\/p>\n<p><!--more--><\/p>\n<p>Ukoliko \u017eelite da nam se pridru\u017eite, dovoljno je da popunite kratak <a href=\"https:\/\/docs.google.com\/forms\/d\/10y5UYCvCOgXi0lpXHrPNBx_00x5TLX7QpZcEQmh_8EE\/edit?ts=5f7da4cc&amp;gxids=7628\">prijavni formular<\/a>, a mi \u0107emo vas blagovremeno obavestiti o detaljima doga\u0111aja.<\/p>\n<p>Napomena: S obzirom na to da je broj u\u010desnika ograni\u010den i da \u0107e majice biti \u0161tampane u skladu sa prijavama, molimo vas da ne popunjavate formular ukoliko niste sigurni da \u0107ete mo\u0107i da u\u010destvujete u akciji. Hvala unapred.<\/p>\n<p>Akciju sprovode Centar za gra\u0111ansko delovanje i Fondacija za mlade Obrenovca, uz podr\u0161ku Ministarstva za\u0161tite \u017eivotne sredine i Javnog preduze\u0107a za za\u0161titu i unapre\u0111enje \u017eivotne sredine na teritoriji GO Obrenovac.<\/p>\n","protected":false},"excerpt":{"rendered":"<p>Dragi sugra\u0111ani, evo prilike da zajedno uradimo ne\u0161to da na\u0161 Obrenovac postane zeleniji, lep\u0161i i da se u njemu malo lak\u0161e di\u0161e. Po\u010detkom novembra nameravamo da okupimo 50 volontera koji \u0107e zasaditi 50 stabala drve\u0107a. Ali to nije sve, kako bismo promovisali odr\u017eivu mobilnost i smanjenje emisije gasova sa efektom staklene ba\u0161te, o\u010dekujemo da volonteri do\u0111u na planirane lokacije biciklom. [&hellip;]<\/p>\n","protected":false},"author":1,"featured_media":622,"comment_status":"open","ping_status":"open","sticky":false,"template":"","format":"standard","meta":{"footnotes":""},"categories":[4],"tags":[],"class_list":["post-246","post","type-post","status-publish","format-standard","has-post-thumbnail","hentry","category-vesti"],"_links":{"self":[{"href":"https:\/\/cegrad.org\/index.php\/wp-json\/wp\/v2\/posts\/246","targetHints":{"allow":["GET"]}}],"collection":[{"href":"https:\/\/cegrad.org\/index.php\/wp-json\/wp\/v2\/posts"}],"about":[{"href":"https:\/\/cegrad.org\/index.php\/wp-json\/wp\/v2\/types\/post"}],"author":[{"embeddable":true,"href":"https:\/\/cegrad.org\/index.php\/wp-json\/wp\/v2\/users\/1"}],"replies":[{"embeddable":true,"href":"https:\/\/cegrad.org\/index.php\/wp-json\/wp\/v2\/comments?post=246"}],"version-history":[{"count":1,"href":"https:\/\/cegrad.org\/index.php\/wp-json\/wp\/v2\/posts\/246\/revisions"}],"predecessor-version":[{"id":623,"href":"https:\/\/cegrad.org\/index.php\/wp-json\/wp\/v2\/posts\/246\/revisions\/623"}],"wp:featuredmedia":[{"embeddable":true,"href":"https:\/\/cegrad.org\/index.php\/wp-json\/wp\/v2\/media\/622"}],"wp:attachment":[{"href":"https:\/\/cegrad.org\/index.php\/wp-json\/wp\/v2\/media?parent=246"}],"wp:term":[{"taxonomy":"category","embeddable":true,"href":"https:\/\/cegrad.org\/index.php\/wp-json\/wp\/v2\/categories?post=246"},{"taxonomy":"post_tag","embeddable":true,"href":"https:\/\/cegrad.org\/index.php\/wp-json\/wp\/v2\/tags?post=246"}],"curies":[{"name":"wp","href":"https:\/\/api.w.org\/{rel}","templated":true}]}}