{"id":245,"date":"2020-09-14T07:23:12","date_gmt":"2020-09-14T07:23:12","guid":{"rendered":"https:\/\/cegrad.org\/index.php\/2020\/09\/14\/rezultati-konkursa-za-zelene-inicijative\/"},"modified":"2022-06-10T19:20:39","modified_gmt":"2022-06-10T19:20:39","slug":"rezultati-konkursa-za-zelene-inicijative","status":"publish","type":"post","link":"https:\/\/cegrad.org\/index.php\/2020\/09\/14\/rezultati-konkursa-za-zelene-inicijative\/","title":{"rendered":"Rezultati Konkursa za zelene inicijative"},"content":{"rendered":"<p>Centar za gra\u0111ansko delovanje i Fondacija za mlade Obrenovca, uz podr\u0161ku Ministarstva za\u0161tite \u017eivotne sredine, raspisali su Konkurs za zelene inicijative, koji je trajao od 23. avgusta do 6. septembra 2020. godine. Program Zeleni fond je namenjen neformalnim grupama mladih iz Obrenovca, koji \u0107e dobiti finansijsku podr\u0161ku za realizaciju svojih ideja u oblasti za\u0161tite i unapre\u0111enja \u017eivotne sredine, u maksimalnom iznosu od 30.000 dinara po projektu.<\/p>\n<p><!--more--><\/p>\n<p>Na konkurs je stiglo 9 predloga projekata:<\/p>\n<ol>\n<li>Projekat \u201eEko patrola Ora\u0161ac\u201c, grupe \u201eEko patrola Ora\u0161ac\u201c<\/li>\n<li>Projekat \u201eZeleni kutak Dudovi\u201c, grupe \u201eDudovi\u201c<\/li>\n<li>Projekat \u201eZeleni kutak ispred Doma kulture Mislo\u0111in\u201c, grupe \u201eMislo\u0111inci\u201c<\/li>\n<li>Projekat \u201eZeleni Dren\u201c, grupe \u201eDren\u201c<\/li>\n<li>Projekat \u201eUre\u0111enje zelene povr\u0161ine ispred doma Mesne zajednice u Vuki\u0107evici\u201c, grupe \u201eMladi Vuki\u0107evice\u201c<\/li>\n<li>Projekat \u201eUre\u0111enje terena oko fudbalskog igrali\u0161ta u Stublinama\u201c, grupe \u201eStublinci\u201c<\/li>\n<li>Projekat \u201eKolonija\u201c, grupe \u201eKolonija\u201c<\/li>\n<li>Projekat \u201eOd igre do makete\u201c, grupe \u201eKulturno skloni\u0161te\u201c<\/li>\n<li>Projekat \u201eKroz \u017eicu igrali\u0161ta, do ekolo\u0161kog srca\u201c, grupe \u201eProject 4\u201c.<\/li>\n<\/ol>\n<p>Nakon \u0161to je nosilac projekta izvr\u0161io tehni\u010dku proveru svih pristiglih prijava, sastanak selekcionog odbora odr\u017ean je 10. septembra 2020. godine.<\/p>\n<p>\u010clanovi ovogodi\u0161njeg selekcionog odbora Zelenog fonda su: predstavnik Centra za gra\u0111ansko delovanje Du\u0161ko Krsti\u0107, predstavnica Fondacije za mlade Obrenovca Jelena Ivkovi\u0107 i predstavnik Odreda izvi\u0111a\u010da \u201eZvezdan Nedeljkovi\u0107\u201c Slobodan Radoji\u010di\u0107.<\/p>\n<p>\u010clanovi odbora su vrednovali sve pristigle predloge projekata na osnovu slede\u0107ih kriterijuma:<\/p>\n<ol>\n<li>Op\u0161ta ocena (da li je potreba jasno definisana; da li akcija odgovara potrebi u zajednici i uslovima konkursa);<\/li>\n<li>Ostvarljivost (da li je opisan cilj akcije dosti\u017ean u odnosu na planirane aktivnosti, tj. da li \u0107e se akcijom ostvariti opisan cilj projekta);<\/li>\n<li>Potreba u zajednici (da li se potreba ti\u010de dobrobiti ve\u0107eg broja gra\u0111ana; da li je ve\u0107i broj gra\u0111ana uticao na dono\u0161enje odluke o inicijativi);<\/li>\n<li>Uticaj na zajednicu (da li je dobro opisano na koga sve uti\u010de akcija; da li je uticaj zna\u010dajan, pokre\u0107e na promenu pona\u0161anja, donosi dovoljno zna\u010dajnu promenu u zajednici);<\/li>\n<li>Inovativnost (koliko je re\u0161enje inovativno u odnosu na potrebu).<\/li>\n<\/ol>\n<p><strong>Kona\u010dna odluka \u010dlanova selekcionog odbora<\/strong><\/p>\n<p>\u010clanovi selekcionog odbora programa Zeleni fond odlu\u010dili su da se finansijski podr\u017ee slede\u0107i projekti:<\/p>\n<ol>\n<li>Projekat grupe \u201eProject 4\u201c, pod nazivom \u201eKroz \u017eicu igrali\u0161ta, do ekolo\u0161kog srca\u201c, u iznosu od 30.000 dinara.<\/li>\n<\/ol>\n<p>Ova grupa \u017eeli da postavi klupu i dve kante za sme\u0107e na igrali\u0161te u naselju Zve\u010dka, kao i da po\u010disti i sredi prostor oko igrali\u0161ta. Postavljanjem jedne kante za papirne otpatke i jedne za plastiku \u017eele da uka\u017eu na zna\u010daj odlaganja otpada.<\/p>\n<ol start=\"2\">\n<li>Projekat grupe \u201eDudovi\u201c, pod nazivom \u201eZeleni kutak Dudovi\u201c, u iznosu od 30.000 dinara.<\/li>\n<\/ol>\n<p>Projekat podrazumeva ure\u0111enje prostora ispred zgrade u ulici Radenka Rankovi\u0107a, u naselju Dudovi . Naselje je staro preko 40 godina i mnogim stvarima je vreme za obnovu. Grupa \u0107e obnoviti ogradicu oko zelene povr\u0161ine ispred zgrade, postaviti dve klupe, zasaditi dva drveta i zelenilo, ali i okre\u010diti grafite koji se tu nalaze.<\/p>\n<ol start=\"3\">\n<li>Projekat grupe \u201eEko patrola Ora\u0161ac\u201c, pod nazivom \u201eEko patrola Ora\u0161ac\u201c, u iznosu od 30.000 dinara.<\/li>\n<\/ol>\n<p>U selu Ora\u0161ac je na nekoliko lokacija u toku postavljanje kanti za \u0111ubre i kontejnera za odlaganje kabastog otpada. Ideja ove grupe je postavljanje Eko panoa sa porukama o va\u017enosti o\u010duvanja i za\u0161tite \u017eivotne sredine. Bi\u0107e postavljene 4 table i 4 postera.<\/p>\n<ol start=\"4\">\n<li>Projekat grupe \u201eMislo\u0111inci\u201c, pod nazivom \u201eZeleni kutak ispred Doma kulture Mislo\u0111in\u201c, u iznosu od 30.000 dinara.<\/li>\n<\/ol>\n<p>Mladi iz ove grupe \u017eele da urede i oplemene prostor oko Doma kulture u Mislo\u0111inu. Ispred Doma bi\u0107e posa\u0111ene tuje, poko\u0161ena trava i postavljena \u010desma za pi\u0107e i zalivanje biljaka.<\/p>\n<ol start=\"5\">\n<li>Projekat grupe \u201eKulturno skloni\u0161te\u201c, pod nazivom \u201eOd igre do makete\u201c, u iznosu od 29.000 dinara.<\/li>\n<\/ol>\n<p>Osnovna ideja ovog projekta je da se deci mladjih pred\u0161kolskih grupa kroz igru predstavi zna\u010daj i na\u010dini o\u010duvanja prirode, kako i kako izgledaju prirodna stani\u0161ta pojedinih biljnih i \u017eivotinjskih vrsta i koja je njihova uloga. Deca iz lokalne pred\u0161kolske ustanove u\u010destvova\u0107e u radionicama pravljenja stani\u0161ta. Deca \u0107e koristiti reciklirani materijal, \u010dime se \u017eeli skrenuti pa\u017enja na zna\u010daj recikla\u017ee.<\/p>\n<p>Podr\u017eani projekti bi\u0107e implementirani do 1. novembra 2020. godine.<\/p>\n<p>\u010clanovi selekcionog odbora programa Zeleni fond se zahvaljuju svima koji su aplicirali, a timovima \u010diji su projekti odabrani \u017eele puno uspeha u realizaciji.<\/p>\n","protected":false},"excerpt":{"rendered":"<p>Centar za gra\u0111ansko delovanje i Fondacija za mlade Obrenovca, uz podr\u0161ku Ministarstva za\u0161tite \u017eivotne sredine, raspisali su Konkurs za zelene inicijative, koji je trajao od 23. avgusta do 6. septembra 2020. godine. Program Zeleni fond je namenjen neformalnim grupama mladih iz Obrenovca, koji \u0107e dobiti finansijsku podr\u0161ku za realizaciju svojih ideja u oblasti za\u0161tite i unapre\u0111enja \u017eivotne sredine, u maksimalnom [&hellip;]<\/p>\n","protected":false},"author":1,"featured_media":624,"comment_status":"open","ping_status":"open","sticky":false,"template":"","format":"standard","meta":{"footnotes":""},"categories":[4],"tags":[],"class_list":["post-245","post","type-post","status-publish","format-standard","has-post-thumbnail","hentry","category-vesti"],"_links":{"self":[{"href":"https:\/\/cegrad.org\/index.php\/wp-json\/wp\/v2\/posts\/245","targetHints":{"allow":["GET"]}}],"collection":[{"href":"https:\/\/cegrad.org\/index.php\/wp-json\/wp\/v2\/posts"}],"about":[{"href":"https:\/\/cegrad.org\/index.php\/wp-json\/wp\/v2\/types\/post"}],"author":[{"embeddable":true,"href":"https:\/\/cegrad.org\/index.php\/wp-json\/wp\/v2\/users\/1"}],"replies":[{"embeddable":true,"href":"https:\/\/cegrad.org\/index.php\/wp-json\/wp\/v2\/comments?post=245"}],"version-history":[{"count":1,"href":"https:\/\/cegrad.org\/index.php\/wp-json\/wp\/v2\/posts\/245\/revisions"}],"predecessor-version":[{"id":625,"href":"https:\/\/cegrad.org\/index.php\/wp-json\/wp\/v2\/posts\/245\/revisions\/625"}],"wp:featuredmedia":[{"embeddable":true,"href":"https:\/\/cegrad.org\/index.php\/wp-json\/wp\/v2\/media\/624"}],"wp:attachment":[{"href":"https:\/\/cegrad.org\/index.php\/wp-json\/wp\/v2\/media?parent=245"}],"wp:term":[{"taxonomy":"category","embeddable":true,"href":"https:\/\/cegrad.org\/index.php\/wp-json\/wp\/v2\/categories?post=245"},{"taxonomy":"post_tag","embeddable":true,"href":"https:\/\/cegrad.org\/index.php\/wp-json\/wp\/v2\/tags?post=245"}],"curies":[{"name":"wp","href":"https:\/\/api.w.org\/{rel}","templated":true}]}}