{"id":242,"date":"2020-08-23T06:11:25","date_gmt":"2020-08-23T06:11:25","guid":{"rendered":"https:\/\/cegrad.org\/index.php\/2020\/08\/23\/konkurs-za-finansiranje-malih-inicijativa-neformalnih-grupa-iz-obrenovca\/"},"modified":"2022-06-10T19:21:33","modified_gmt":"2022-06-10T19:21:33","slug":"konkurs-za-finansiranje-malih-inicijativa-neformalnih-grupa-iz-obrenovca","status":"publish","type":"post","link":"https:\/\/cegrad.org\/index.php\/2020\/08\/23\/konkurs-za-finansiranje-malih-inicijativa-neformalnih-grupa-iz-obrenovca\/","title":{"rendered":"Konkurs za finansiranje malih inicijativa neformalnih grupa iz Obrenovca"},"content":{"rendered":"<p>Centar za gra\u0111ansko delovanje i Fondacija za mlade Obrenovca uz podr\u0161ku Ministarstva za\u0161tite \u017eivotne sredine, raspisuju konkurs za finansiranje inicijativa neformalnih grupa mladih u oblasti za\u0161tite i unape\u0111enja \u017eivotne sredine.<!--more--><\/p>\n<p><strong>Ukoliko imate ideju kako Obrenovac mo\u017ee da postane \u010distiji, lep\u0161i i manje zaga\u0111en, porazgovarajte sa \u010dlanovima svoje porodice, kom\u0161ijama ili prijateljima i doprinesite zajedni\u010dkom cilju stvaranja boljeg okru\u017eenja za \u017eivot svih nas. <\/strong><\/p>\n<p><!--more--><\/p>\n<p>Kako bismo podstakli aktivno i solidarno u\u010de\u0161\u0107e gra\u0111ana i gra\u0111anki u ostvarivanju pozitivnih promena u zajednici, osnovali smo jedinstveni lokalni Zeleni fond, u okviru kog smo ove godine obezbedili finansijsku podr\u0161ku za minimum 5 projekata, pri \u010demu je maksimalna vrednost svakog projekta 30.000,00 dinara.<\/p>\n<p><strong>OSNOVNE INFORMACIJE I USLOVI KONKURSA<\/strong><\/p>\n<p><strong>Trajanje konkursa: <\/strong>Konkurs je otvoren od 23. avgusta do 6. septembra 2020. godine.<\/p>\n<p><strong>Rok za realizaciju projekata: <\/strong>Podr\u017eani projekti moraju biti implementirani najkasnije do 1. novembra 2020. godine.<\/p>\n<p><strong>KO MO\u017dE PODNETI PREDLOG PROJEKTA:<\/strong><\/p>\n<p>Neformalne grupe mladih sa teritorije op\u0161tine Obrenovac koje imaju najmanje 3 \u010dlana \u2013 od kojih je najmanje jedan \u010dlan punoletna osoba (starosti izme\u0111u 18 i 30 godina), a ostali \u010dlanovi starosti izme\u0111u 15 i 30 godina (u skladu sa <em>Zakonom o mladima<\/em>).<\/p>\n<p><strong>Koje projekte\/inicijative Zeleni fond podr\u017eava?<\/strong><\/p>\n<p>Projekte vrednosti do 30.000,00 dinara koji se realizuju na teritoriji op\u0161tine Obrenovac i koji imaju za cilj za\u0161titu i unapre\u0111enja \u017eivotne sredine:<\/p>\n<ul>\n<li>Inicijative ure\u0111enja i \u010di\u0161\u0107enja javnih povr\u0161ina;<\/li>\n<li>Edukativne aktivnosti na temu ekologije i za\u0161tite \u017eivotne sredine;<\/li>\n<li>Kreativne i umetni\u010dke aktivnosti na temu ekologije i za\u0161tite \u017eivotne sredine;<\/li>\n<li>Promociju Zero waste principa (\u017eivotnog stila koji podrazumeva smanjivanje otpada na minimalnu meru);<\/li>\n<li>Sadnju biljaka.<\/li>\n<\/ul>\n<p><strong>Koje projekte Zeleni fond ne podr\u017eava?<\/strong><\/p>\n<ul>\n<li>Projekte\/inicijative pojedinaca, udru\u017eenja gra\u0111ana, politi\u010dkih partija i javnih institucija;<\/li>\n<li>Projekte\/inicijative i aktivnosti sa primarno humanitarnom svrhom;<\/li>\n<li>Projekte\/inicijative koje pozivaju na bilo koji oblik nasilja i diskriminacije i promovi\u0161u alkohol, droge ili nezdrav na\u010din \u017eivota;<\/li>\n<li>Honorare za realizatore projekta;<\/li>\n<li>Stipendije;<\/li>\n<li>Nabavku ra\u010dunara, tableta, telefona, foto aparata, zvu\u010dnika i sl.;<\/li>\n<li>Nabavku gotovih stolova, stolica i sl., ukoliko je to jedina aktivnost projekta;<\/li>\n<li>Nabavku opreme za sportske klubove.<\/li>\n<\/ul>\n<p><strong>Kako i do kada podneti predlog projekta\/inicijative?<\/strong><\/p>\n<p>Zainteresovane neformalne grupe treba da popune <a href=\"https:\/\/docs.google.com\/forms\/d\/e\/1FAIpQLSdig_P68AGkhZSbp4jfMQjGvzf07IR24WvImNGy6IzBu_X-iw\/viewform\" target=\"_blank\" rel=\"noopener\">online formular (ovde)<\/a>, najkasnije do 6. septembra 2020. godine, do 23:59h.<\/p>\n<p><strong>Ko i kada odlu\u010duje o pristiglim prijavama?<\/strong><\/p>\n<p>Sve prijave koje zadovolje tehni\u010dke uslove bi\u0107e ocenjene od strane <strong>Odbora Zelenog fonda<\/strong>, koji se sastoji od 3 \u010dlana (po jedan predstavnik partnera i predstavnik JP za za\u0161titu \u017eivotne sredine GO Obrenovac) i koji \u0107e doneti kona\u010dnu odluku o listi podr\u017eanih projekata. Rezultati konkursa bi\u0107e poznati do sredine septembra 2020. godine.<\/p>\n<p>Za sve dodatne informacije mo\u017eete pozvati broj telefona 0641329336 ili poslati mejl na adresu <a href=\"mailto:konkurs@oyf.rs\">konkurs@oyf.rs<\/a> .<\/p>\n","protected":false},"excerpt":{"rendered":"<p>Centar za gra\u0111ansko delovanje i Fondacija za mlade Obrenovca uz podr\u0161ku Ministarstva za\u0161tite \u017eivotne sredine, raspisuju konkurs za finansiranje inicijativa neformalnih grupa mladih u oblasti za\u0161tite i unape\u0111enja \u017eivotne sredine.<\/p>\n","protected":false},"author":1,"featured_media":626,"comment_status":"open","ping_status":"open","sticky":false,"template":"","format":"standard","meta":{"footnotes":""},"categories":[4],"tags":[],"class_list":["post-242","post","type-post","status-publish","format-standard","has-post-thumbnail","hentry","category-vesti"],"_links":{"self":[{"href":"https:\/\/cegrad.org\/index.php\/wp-json\/wp\/v2\/posts\/242","targetHints":{"allow":["GET"]}}],"collection":[{"href":"https:\/\/cegrad.org\/index.php\/wp-json\/wp\/v2\/posts"}],"about":[{"href":"https:\/\/cegrad.org\/index.php\/wp-json\/wp\/v2\/types\/post"}],"author":[{"embeddable":true,"href":"https:\/\/cegrad.org\/index.php\/wp-json\/wp\/v2\/users\/1"}],"replies":[{"embeddable":true,"href":"https:\/\/cegrad.org\/index.php\/wp-json\/wp\/v2\/comments?post=242"}],"version-history":[{"count":1,"href":"https:\/\/cegrad.org\/index.php\/wp-json\/wp\/v2\/posts\/242\/revisions"}],"predecessor-version":[{"id":627,"href":"https:\/\/cegrad.org\/index.php\/wp-json\/wp\/v2\/posts\/242\/revisions\/627"}],"wp:featuredmedia":[{"embeddable":true,"href":"https:\/\/cegrad.org\/index.php\/wp-json\/wp\/v2\/media\/626"}],"wp:attachment":[{"href":"https:\/\/cegrad.org\/index.php\/wp-json\/wp\/v2\/media?parent=242"}],"wp:term":[{"taxonomy":"category","embeddable":true,"href":"https:\/\/cegrad.org\/index.php\/wp-json\/wp\/v2\/categories?post=242"},{"taxonomy":"post_tag","embeddable":true,"href":"https:\/\/cegrad.org\/index.php\/wp-json\/wp\/v2\/tags?post=242"}],"curies":[{"name":"wp","href":"https:\/\/api.w.org\/{rel}","templated":true}]}}