{"id":241,"date":"2020-08-19T18:38:43","date_gmt":"2020-08-19T18:38:43","guid":{"rendered":"https:\/\/cegrad.org\/index.php\/2020\/08\/19\/radionice-za-decu-i-mlade-posvecene-reciklazi-i-upotrebi-odrzivih-materijala\/"},"modified":"2022-06-10T19:22:21","modified_gmt":"2022-06-10T19:22:21","slug":"radionice-za-decu-i-mlade-posvecene-reciklazi-i-upotrebi-odrzivih-materijala","status":"publish","type":"post","link":"https:\/\/cegrad.org\/index.php\/2020\/08\/19\/radionice-za-decu-i-mlade-posvecene-reciklazi-i-upotrebi-odrzivih-materijala\/","title":{"rendered":"Radionice za decu i mlade posve\u0107ene recikla\u017ei i upotrebi odr\u017eivih materijala i projekcije dokumentarnih filmova"},"content":{"rendered":"<p>Centar za gra\u0111ansko delovanje i Fondacija za mlade Obrenovca uz podr\u0161ku Ministarstva za\u0161tite \u017eivotne sredine, organizova\u0107e narednih meseci niz aktivnosti u na\u0161em gradu koje imaju za cilj podizanje svesti o zna\u010daju za\u0161tite i unapre\u0111enja \u017eivotne sredine.<\/p>\n<p><!--more--><\/p>\n<p>Prve aktivnosti nas o\u010dekuju u petak i subotu (21. i 22. avgusta) u Obrenova\u010dkom arboretumu, kada \u0107e se odr\u017eati projekcije dokumentarnih filmova i edukativno-kreativne radionice za decu i mlade posve\u0107ene recikla\u017ei i upotrebi odr\u017eivih materijala.<\/p>\n<p><strong>Planirane su slede\u0107e radionice:<\/strong><\/p>\n<ul>\n<li><span class=\"text_exposed_show\">Radionica kreativne recikla\u017ee \u0107e biti odr\u017eana u petak i subotu od 11 \u010dasova. U\u010desnici \u0107e uz pri\u010du o va\u017enosti recikla\u017ee i zbrinjavanja papira najpre reciklirati stari papir uz vo\u0111enje fizikohemi\u010darke Tamare Jankovi\u0107, a slede\u0107eg dana isti oslikavati akvarel tehnikom uz podr\u0161ku akademskih slikarki.<\/span><\/li>\n<li>Radionica pravljenja eko cegera je predvi\u0111ena za subotu od 17 \u010dasova i vodi\u0107e je etnolo\u0161kinja Ivana Gavri\u0107.<\/li>\n<\/ul>\n<div class=\"text_exposed_show\">\n<p>Materijal za rad je obezbe\u0111en, pri \u010demu bi u\u010desnici prve radionice trebalo da ponesu iskori\u0161\u0107en papir (stare sveske, novine i sl.)<\/p>\n<p>Prijave se vr\u0161e slanjem poruke putem <a href=\"https:\/\/www.facebook.com\/FondacijaZaMladeObrenovca\/\" target=\"_blank\" rel=\"noopener noreferrer\">fejsbuk stranice Fondacije za mlade Obrenovca (Inbox)<\/a> uz navo\u0111enje za koju radionicu se prijavljujete. Napominjemo da je zbog pandemije broj u\u010desnika po radionici ograni\u010den na 10, kao i da je zbog preventivnih mera neophodno da svi u\u010desnici nose maske.<\/p>\n<p><strong>Planirane filmske projekcije:<\/strong><\/p>\n<p>19:30h: Protivotrov<\/p>\n<p>Trajanje: 30&#8242;<br \/>\nJezik: Srpski<br \/>\nTrejler: <a href=\"https:\/\/www.youtube.com\/watch?v=SViB0gG3qmI&amp;fbclid=IwAR1zeDUFT8qnaf66wtzIz4GrNBzfQKKgvQEWdISqiIk5rla3pzziaaLSFBE\" target=\"_blank\" rel=\"nofollow noopener noreferrer\" data-lynx-mode=\"asynclazy\" data-lynx-uri=\"https:\/\/l.facebook.com\/l.php?u=https%3A%2F%2Fwww.youtube.com%2Fwatch%3Fv%3DSViB0gG3qmI%26fbclid%3DIwAR1zeDUFT8qnaf66wtzIz4GrNBzfQKKgvQEWdISqiIk5rla3pzziaaLSFBE&amp;h=AT3Lqp-V0L5PsJ693IIg1bLHG89ZbcWACcv7w94C3Wq2Flwzgnv8cP_qtxc1xrbidQCN4ZWv9pRfbhd8UVxwc229szzlTNV1IlDANrnxAk2lFlnb3E-OxO_jnqzgg8gBZQ\">https:\/\/www.youtube.com\/<wbr \/>watch?v=SViB0gG3qmI<\/a><\/p>\n<p>20:00: Why Recycled? | Know How Your Clothes Are Made<br \/>\n<span class=\"text_exposed_show\"><br \/>\nTrajanje:13&#8242;<br \/>\nJezik: Engleski<br \/>\nTrejler: <a href=\"https:\/\/www.youtube.com\/watch?v=waUYdw9wVts&amp;t=131s&amp;fbclid=IwAR3VqAXpJBaNYx_MKQNxk6TmzYo9aqggsiiWoPeFwmC6hEuUUQvDj45hLIA\" target=\"_blank\" rel=\"nofollow noopener noreferrer\" data-lynx-mode=\"asynclazy\" data-lynx-uri=\"https:\/\/l.facebook.com\/l.php?u=https%3A%2F%2Fwww.youtube.com%2Fwatch%3Fv%3DwaUYdw9wVts%26t%3D131s%26fbclid%3DIwAR3VqAXpJBaNYx_MKQNxk6TmzYo9aqggsiiWoPeFwmC6hEuUUQvDj45hLIA&amp;h=AT11hMnEC81P1_CqZyf2ZpJFsvsDZJ1N_K2WXPbj0XsXu4WNYt_40D9Lfd0k4xgkzwV3SRkhUUkcRcpvxdmXVDB6m9_STOP36wfDFGAYjs9f0uT8-oFGhFLNXxkc7VoyJA\">https:\/\/www.youtube.com\/<wbr \/>watch?v=waUYdw9wVts&amp;t=131s<\/a><\/span><\/p>\n<p>Ulaz je besplatan, pri \u010demu napominjemo da je zbog pandemije broj posetilaca ograni\u010den na 15, kao i da je iz preventivnih razloga neophodno no\u0161enje maski.<\/p>\n<\/div>\n","protected":false},"excerpt":{"rendered":"<p>Centar za gra\u0111ansko delovanje i Fondacija za mlade Obrenovca uz podr\u0161ku Ministarstva za\u0161tite \u017eivotne sredine, organizova\u0107e narednih meseci niz aktivnosti u na\u0161em gradu koje imaju za cilj podizanje svesti o zna\u010daju za\u0161tite i unapre\u0111enja \u017eivotne sredine.<\/p>\n","protected":false},"author":1,"featured_media":628,"comment_status":"open","ping_status":"open","sticky":false,"template":"","format":"standard","meta":{"footnotes":""},"categories":[4],"tags":[],"class_list":["post-241","post","type-post","status-publish","format-standard","has-post-thumbnail","hentry","category-vesti"],"_links":{"self":[{"href":"https:\/\/cegrad.org\/index.php\/wp-json\/wp\/v2\/posts\/241","targetHints":{"allow":["GET"]}}],"collection":[{"href":"https:\/\/cegrad.org\/index.php\/wp-json\/wp\/v2\/posts"}],"about":[{"href":"https:\/\/cegrad.org\/index.php\/wp-json\/wp\/v2\/types\/post"}],"author":[{"embeddable":true,"href":"https:\/\/cegrad.org\/index.php\/wp-json\/wp\/v2\/users\/1"}],"replies":[{"embeddable":true,"href":"https:\/\/cegrad.org\/index.php\/wp-json\/wp\/v2\/comments?post=241"}],"version-history":[{"count":1,"href":"https:\/\/cegrad.org\/index.php\/wp-json\/wp\/v2\/posts\/241\/revisions"}],"predecessor-version":[{"id":629,"href":"https:\/\/cegrad.org\/index.php\/wp-json\/wp\/v2\/posts\/241\/revisions\/629"}],"wp:featuredmedia":[{"embeddable":true,"href":"https:\/\/cegrad.org\/index.php\/wp-json\/wp\/v2\/media\/628"}],"wp:attachment":[{"href":"https:\/\/cegrad.org\/index.php\/wp-json\/wp\/v2\/media?parent=241"}],"wp:term":[{"taxonomy":"category","embeddable":true,"href":"https:\/\/cegrad.org\/index.php\/wp-json\/wp\/v2\/categories?post=241"},{"taxonomy":"post_tag","embeddable":true,"href":"https:\/\/cegrad.org\/index.php\/wp-json\/wp\/v2\/tags?post=241"}],"curies":[{"name":"wp","href":"https:\/\/api.w.org\/{rel}","templated":true}]}}