{"id":240,"date":"2020-07-30T20:56:26","date_gmt":"2020-07-30T20:56:26","guid":{"rendered":"https:\/\/cegrad.org\/index.php\/2020\/07\/30\/onkurs-stanamtesko-nacionalnog-programa-za-volontiranje-mladih-mladi-su-zakon-2020\/"},"modified":"2022-06-10T19:24:15","modified_gmt":"2022-06-10T19:24:15","slug":"onkurs-stanamtesko-nacionalnog-programa-za-volontiranje-mladih-mladi-su-zakon-2020","status":"publish","type":"post","link":"https:\/\/cegrad.org\/index.php\/2020\/07\/30\/onkurs-stanamtesko-nacionalnog-programa-za-volontiranje-mladih-mladi-su-zakon-2020\/","title":{"rendered":"\u041aonkurs #\u0160taNamTe\u0161ko nacionalnog programa za volontiranje mladih \u201eMladi su zakon 2020\u201c"},"content":{"rendered":"<p>Ove godine i ti mo\u017ee\u0161 kroz program \u201eMladi su zakon 2020\u201c da se sa svojim drugarima organizuje\u0161 i da uradi\u0161 ne\u0161to korisno u svom mestu \u2013 konkurs za finansiranje i podr\u0161ku ideja mladih (od 15 do 30) godina pod nazivom \u201c\u0160ta nam te\u0161ko\u201d je otvoren od 30. jula 2020. godine.<\/p>\n<p><!--more--><\/p>\n<p>\u041aroz ovaj konkurs \u0107e se do decembra 2020. godine podr\u017eati 130 omladinskih volonterskih projekata \u0161irom Srbije u iznosu od 20.000 do 42.000 dinara po projektu, a ukupno sa \u010dak 5.460.000 dinara!<\/p>\n<p>\u041aonkurs \u201e\u0160ta nam te\u0161ko\u201c sprovode <a href=\"https:\/\/www.mis.org.rs\/\" target=\"_blank\" rel=\"noopener noreferrer\">Mladi istra\u017eiva\u010di Srbije<\/a> u partnerstvu sa <a href=\"http:\/\/www.pgv.org.rs\/\" target=\"_blank\" rel=\"noopener noreferrer\">Pokretom gorana Vojvodine<\/a> iz Sremskih \u041aarlovaca, <a href=\"http:\/\/cegrad.org\/\" target=\"_blank\" rel=\"noopener noreferrer\">CeGraD-om<\/a> iz Obrenovca, <a href=\"https:\/\/team42.org.rs\/\" target=\"_blank\" rel=\"noopener noreferrer\">TIM 42<\/a> iz Leskovca, <a href=\"https:\/\/empower.rs\/\" target=\"_blank\" rel=\"noopener noreferrer\">EMPOWER<\/a> iz Po\u017eege uz podr\u0161ku Ministarstva omladine i sporta Republike Srbije.<\/p>\n<p>Principi kojima se vodimo u podr\u0161ci #\u0160taNamTe\u0161ko omladinskih volonterskih akcija su:<\/p>\n<ul>\n<li>Podr\u0161ka li\u010dnom i dru\u0161tvenom osna\u017eivanju mladih<\/li>\n<li>Po\u0161tovanje ljudskih i manjinskih prava, ravnopravnost i zabrana diskriminacije<\/li>\n<li>Jednake \u0161anse za sve<\/li>\n<li>Zna\u010daj mladih i njihove dru\u0161tvene uloge<\/li>\n<li>Aktivno u\u010de\u0161\u0107e mladih u razvoju celog dru\u0161tva i svojih zajednica<\/li>\n<li>Saradnja aktera iz svih sektora za podr\u0161ku volontiranja mladih<\/li>\n<li>Dru\u0161tvena odgovornost i solidarnost<\/li>\n<\/ul>\n<p><strong>\u041ao mo\u017ee da se prijavi?<\/strong><\/p>\n<p>\u017delimo da podr\u017eimo SVE mlade, koji \u017eele da urade ne\u0161to korisno u svom mestu, za ljude iz svoje zajednice ili \u017eivotnu sredinu. Ne morate da budete odli\u010dni \u0111aci ili studenti, da imate prethodno iskustvo, da ste do sada ve\u0107 volontirali ili bili aktivni na bilo kakav na\u010din. Ovo je prilika i za one aktivne i pune inicijative, ali i za one stidljive, povu\u010dene, kojima treba podr\u0161ka, kojima je ovo prvi put da ne\u0161to organizuju.<\/p>\n<p>Za u\u010de\u0161\u0107e u programu mogu se prijaviti:<\/p>\n<p>\u2022 neformalne grupe od minimalno 5 osoba od 15 do 30 godina koje su dr\u017eavljani i borave na teritoriji Republike Srbije, me\u0111u kojima se jedan\/jedna osoba izdvaja kao zvani\u010dan koordinator\/predstavnik grupe, tj. koordinatorka\/predstavnica grupe (mora biti punoletan\/na) i koje su direktno odgovorne za pripremu i realizaciju projekta koji predla\u017eu<\/p>\n<p>\u2022 udru\u017eenja mladih, \u010diji Upravni odbor ima minimum 2\/3 mladih od 15 do 30 godina<\/p>\n<p><strong>\u041aoje aktivnosti podr\u017eavamo?<\/strong><\/p>\n<p>Teme va\u0161ih #\u0160taNamTe\u0161ko akcija mogu biti zaista raznovrsne. Akcije mogu biti ekolo\u0161ke, obrazovne, socijalne, tj. posebno usmerene ugro\u017eenim grupama ljudi, zatim renoviranje, kampanje, kulturni programi.<\/p>\n<p>Bitno je da va\u0161a akcija ima smisla: bude realno ostvarljiva, re\u0161ava neki konkretan problem ili potrebu zajednice, tj. pobolj\u0161ava \u017eivot u va\u0161em mestu, neprofitnog je karaktera, tj. ne koristi se za li\u010dnu dobit i va\u0161 tim je sprovodi volonterski, tj. dobrovoljno.<\/p>\n<p>Evo nekih ideja \u0161ta biste sve mogli da radite\/promenite u svom okru\u017eenju, tj. lokalnoj zajednici:<\/p>\n<ul>\n<li>organizujte aktivnosti ure\u0111enja i renoviranja javnih prostora u mestu u kom \u017eivite \u2013 ove aktivnosti odnose se na prostore koji su javni i dostupni svima u mestu u kom \u017eivite i koji su od javnog interesa kao \u0161to su parkovi, izleti\u0161ta, sportski tereni, u\u010dionice na otvorenom i drugo. Mo\u017eete da organizujete akcije \u010di\u0161\u0107enja, kre\u010denja i farbanja, postavljanja mobilijara (klupe, stolovi\u2026) i drugo.<\/li>\n<li>organizujete akcije u cilju za\u0161tite \u017eivotne sredine \u2013<br \/>\nmo\u017eete organizovati razli\u010dite promotivne akcije \u010di\u0161\u0107enja i uklanjanja otpada, sadnju drve\u0107a, postavljanja kanti za otpatke, postavljanje informativnih tabli sa porukama i uputstvima o potrebi o\u010duvanja \u017eivotne sredine; akcije i radionice recikla\u017ee otpada\u2026<\/li>\n<li>promovi\u0161ite me\u0111ugeneracijsku saradnju \u2013<br \/>\norganizujte aktivnosti koje uklju\u010duju razmenu znanja i saradnju me\u0111u generacijama: organizujte aktivnosti za decu osnovno\u0161kolskog i pred\u0161kolskog uzrasta ili za starije sugra\u0111ane (na primer, mo\u017eete raditi razne radionice sa pred\u0161kolcima, ali i anga\u017eovati roditelje da prenose svoja znanja va\u0161im vr\u0161njacima, kao i da vi nau\u010dite bake i deke kako da koriste kompjuter, smart telefon, korisne aplikacije i dru\u0161tvene mre\u017ee).<\/li>\n<li>sprovedite razli\u010dite promotivne kampanje \u2013<br \/>\nmo\u017eete organizovati kampanje sa razli\u010ditim dru\u0161tveno aktuelnim temama kao \u0161to su: klimatske promene, zaga\u0111enje prirodnih resursa (voda, vazduh, zemlji\u0161te); promovi\u0161ete zdrave i bezbedne stilove \u017eivota, na primer: aktivnosti u prirodi, kampanje protiv upotrebe alkohola, duvana i psihoaktivnih supstanci, kampanje o reproduktivnom zdravlju, o bezbednosti na internetu, u saobra\u0107aju, o prevenciji vr\u0161nja\u010dkog nasilja i sli\u010dno.<\/li>\n<li>organizujete aktivnosti edukacije i razmene znanja i ve\u0161tina \u2013<br \/>\npomo\u0107 u \u0161koli, u\u010denje stranih jezika, li\u010dni razvoj (pisanje CV-ja, prezentovanje i javni nastup, liderstvo, asertivna komunikacija); digitalne ve\u0161tine (zanimljive i korisne aplikacije i alati za pravljenje prezentacija, obra\u0111ivanje i editovanje videa; kori\u0161\u0107enje Office paketa (Word-a, Excel-a, Power Point-a\u2026) programiranje, kako pretra\u017eivati internet, kako se za\u0161titti od la\u017enih informacija na internetu\u2026<\/li>\n<\/ul>\n<p><strong>Principi kojima treba da se rukovodite kada osmi\u0161ljavate svoju akciju su:<\/strong><\/p>\n<ul>\n<li>Da su va\u0161e aktivnosti dru\u0161tveno korisne<\/li>\n<li>Da su potrebne va\u0161oj zajednici<\/li>\n<li>Da aktivnosti budu otvorene za sve<\/li>\n<li>Da promovi\u0161u razumevanje, prihvatanje i jednake \u0161anse za sve<\/li>\n<li>Da promovi\u0161u solidarnost i humanost (prema svima a naro\u010dito prema socijalno ugro\u017eenim grupama, osobama sa invaliditetom, deci i starim licima i drugim grupama)<\/li>\n<li>Da se potrudite da uklju\u010dite osobe iz osetljivih grupa (sa te\u0161ko\u0107ama u razvoju, sa fizi\u010dkim smetnjama, iz malih i udaljenih mesta, i sl), osobe iz razli\u010ditih manjinskih i etni\u010dkih grupa i razli\u010dite seksualne orijentacije<\/li>\n<li>Da se potrudite da uklju\u010dite jednak broj osoba mu\u0161kog i \u017eenskog pola.<\/li>\n<\/ul>\n<p>Ukoliko imate druge kreativne i inovativne ideje za pobolj\u0161anje \u017eivota u va\u0161oj zajednici slobodno se javite na #\u0160taNamTe\u0161ko konkurs. Sve ideje su dobrodo\u0161le (posebno cenimo inovativnost), ukoliko su za dobrobit va\u0161e zajednice ili ugro\u017eenih pojedinaca\/grupa iz zajednice i neprofitnog karaktera (tj. ne slu\u017ee za stvaranje novca u privatne svrhe).<br \/>\nNa\u0161a podr\u0161ka nije samo finansijska, ve\u0107 \u017eelimo da vam pomognemo od samog po\u010detka i formiranja ideje do kraja njene realizacije.<\/p>\n<p>Tu su na\u0161i <a href=\"https:\/\/mladisuzakon.rs\/partneri-i-mentori\/\" target=\"_blank\" rel=\"noopener noreferrer\">mentori <\/a>koji \u0107e vam pomo\u0107i da razvijete ideju i koji \u0107e vas pratiti i podr\u017eavati tokom realizacije aktivnosti i izve\u0161tavanja.<\/p>\n<p><strong>\u041aalendar aktivnosti:<\/strong><\/p>\n<p>\u2022 Po\u010detak konkursa: 30. jul 2020. godine<br \/>\n\u2022 Presek prvog kruga prijava: 16. avgust \u2013 rok za predaju ideja putem onlajn formulara<br \/>\n\u2022 \u041aomisija odlu\u010duje, a ukoliko je va\u0161a ideja odabrana za podr\u0161ku, od tada ste sa dodeljenim mentorima u intenzivnom kontaktu<br \/>\n\u2022 Onlajn obuka (naknadno \u0107emo vas obavestiti o ta\u010dnom datumu) \u2013 obavezno prisustvo jednog predstavnika ili predstavnice va\u0161eg tima<br \/>\n\u2022 Nakon zavr\u0161ene obuke mo\u017eete krenuti sa realizacijom va\u0161ih akcija<\/p>\n<p>Poziv za prijavu projekata je otvoren u periodu od 30. jula do 1. novembra, a procena i odabir projekata \u0107e se vr\u0161iti na dve nedelje do utro\u0161ka sredstava. Sve aktivnosti se moraju zavr\u0161iti zaklju\u010dno sa 1. decembrom teku\u0107e godine.<\/p>\n<p><strong>\u041aako da se prijavite?<\/strong><\/p>\n<p>\u041aorak 1: Okupite va\u0161u grupu i osmislite va\u0161u #\u0160taNamTe\u0161ko ideju<br \/>\n\u041aorak 2: Ukoliko mislite da vam treba pomo\u0107, javite se mentoru ili mentorki zadu\u017eenim za va\u0161 okrug da vam pomogne da predstavite va\u0161u ideju na najbolji na\u010din; ovaj korak nije obavezan ali vam mo\u017ee zna\u010diti; kontakt mentora, tj. mentorki mo\u017eete na\u0107i <a href=\"https:\/\/mladisuzakon.rs\/partneri-i-mentori\/\" target=\"_blank\" rel=\"noopener noreferrer\">OVDE<\/a><br \/>\n\u041aorak 3: preuzmite obrasce za prijavljivanje, popunite ih i po\u0161aljite va\u0161u prijavu popunjavanjem <a href=\"https:\/\/istrazivaci.wufoo.com\/forms\/mwybndp1cabozq\/\" target=\"_blank\" rel=\"noopener noreferrer\">ONLAJN FORMULARA<\/a><\/p>\n<p>uz koji \u0107ete prika\u010diti i:<\/p>\n<p>Dokumenta za prijavljivanje:<br \/>\n1. <a href=\"http:\/\/youth.rs\/wp-content\/uploads\/2020\/07\/Aneks-I-Obrazac-predloga-\u0160taNamTe\u0161ko-akcije.docx\">Obrazac predloga projekta<\/a><br \/>\n2. <a href=\"http:\/\/youth.rs\/wp-content\/uploads\/2020\/07\/Aneks-II-Obrazac-bud\u017eeta-\u0160taNamTe\u0161ko-akcije.xlsx\">Obrazac bud\u017eeta<\/a><br \/>\n3. Obrazac izjave za <a href=\"http:\/\/youth.rs\/wp-content\/uploads\/2020\/07\/Aneks-III-A-Izjava-neformalne-grupe-\u0160taNamTe\u0161ko.docx\">neformalne grupe<\/a> \/ <a href=\"http:\/\/youth.rs\/wp-content\/uploads\/2020\/07\/Aneks-III-B-Izjava-udru\u017eenje-mladih-\u0160taNamTe\u0161ko.docx\">udru\u017eenje mladih<\/a><\/p>\n<p>O\u010dekujemo va\u0161e prijave!<\/p>\n","protected":false},"excerpt":{"rendered":"<p>Ove godine i ti mo\u017ee\u0161 kroz program \u201eMladi su zakon 2020\u201c da se sa svojim drugarima organizuje\u0161 i da uradi\u0161 ne\u0161to korisno u svom mestu \u2013 konkurs za finansiranje i podr\u0161ku ideja mladih (od 15 do 30) godina pod nazivom \u201c\u0160ta nam te\u0161ko\u201d je otvoren od 30. jula 2020. godine.<\/p>\n","protected":false},"author":1,"featured_media":616,"comment_status":"open","ping_status":"open","sticky":false,"template":"","format":"standard","meta":{"footnotes":""},"categories":[4],"tags":[],"class_list":["post-240","post","type-post","status-publish","format-standard","has-post-thumbnail","hentry","category-vesti"],"_links":{"self":[{"href":"https:\/\/cegrad.org\/index.php\/wp-json\/wp\/v2\/posts\/240","targetHints":{"allow":["GET"]}}],"collection":[{"href":"https:\/\/cegrad.org\/index.php\/wp-json\/wp\/v2\/posts"}],"about":[{"href":"https:\/\/cegrad.org\/index.php\/wp-json\/wp\/v2\/types\/post"}],"author":[{"embeddable":true,"href":"https:\/\/cegrad.org\/index.php\/wp-json\/wp\/v2\/users\/1"}],"replies":[{"embeddable":true,"href":"https:\/\/cegrad.org\/index.php\/wp-json\/wp\/v2\/comments?post=240"}],"version-history":[{"count":1,"href":"https:\/\/cegrad.org\/index.php\/wp-json\/wp\/v2\/posts\/240\/revisions"}],"predecessor-version":[{"id":632,"href":"https:\/\/cegrad.org\/index.php\/wp-json\/wp\/v2\/posts\/240\/revisions\/632"}],"wp:featuredmedia":[{"embeddable":true,"href":"https:\/\/cegrad.org\/index.php\/wp-json\/wp\/v2\/media\/616"}],"wp:attachment":[{"href":"https:\/\/cegrad.org\/index.php\/wp-json\/wp\/v2\/media?parent=240"}],"wp:term":[{"taxonomy":"category","embeddable":true,"href":"https:\/\/cegrad.org\/index.php\/wp-json\/wp\/v2\/categories?post=240"},{"taxonomy":"post_tag","embeddable":true,"href":"https:\/\/cegrad.org\/index.php\/wp-json\/wp\/v2\/tags?post=240"}],"curies":[{"name":"wp","href":"https:\/\/api.w.org\/{rel}","templated":true}]}}