{"id":238,"date":"2020-02-27T08:31:27","date_gmt":"2020-02-27T08:31:27","guid":{"rendered":"https:\/\/cegrad.org\/index.php\/2020\/02\/27\/docekajte-prolece-na-dunavu-veli-a-volonters-a-sta-nam-tes-o-a-cija\/"},"modified":"2022-06-10T19:25:34","modified_gmt":"2022-06-10T19:25:34","slug":"docekajte-prolece-na-dunavu-veli-a-volonters-a-sta-nam-tes-o-a-cija","status":"publish","type":"post","link":"https:\/\/cegrad.org\/index.php\/2020\/02\/27\/docekajte-prolece-na-dunavu-veli-a-volonters-a-sta-nam-tes-o-a-cija\/","title":{"rendered":"Do\u010dekajte prole\u0107e na Dunavu &#8211; VELI\u041aA VOLONTERS\u041aA #\u0160TANAMTE\u0160\u041aO A\u041aCIJA"},"content":{"rendered":"<p>Velika volonterska #\u0160TANAMTE\u0160\u041aO akcija odr\u017ea\u0107e se u Nacionalnom parku &#8222;\u0110erdap&#8220; od 20. do 22. marta.<br \/>\nVeliku volontersku #\u0160TANAMTE\u0160\u041aO akciju organizuju Mladi istra\u017eiva\u010di Srbije u saradnji sa Pokretom gorana Vojvodine, CeGraD-om, Narodnim Parlamentom i javnim preduze\u0107em \u00abNacionalni park \u0110erdap\u00bb.<\/p>\n<p><!--more--><\/p>\n<p>Akcija je podr\u017eana od strane Ministarstva omladine i sporta u okviru projekta: Nacionalni program volontiranja mladih \u2013 MLADI SU ZA\u041aON 2019.<\/p>\n<p>Planiramo da zajedno sa upravlja\u010dem ovog nacionalnog parka, javnim preduze\u0107em \u201eNP \u0110erdap\u201c od sme\u0107a o\u010distimo predeo uz magistralu koja prolazi kroz park koje bacaju nesavesni posetioci i prolaznici.<\/p>\n<p>Na #\u0160TANAMTE\u0160\u041aO akciji u\u010destvova\u0107e 100 volontera i volonterki a prijave su otvorene do srede, 11. marta 2020. u 12 \u010dasova (podne)<\/p>\n<p>Na akciju su dobrodo\u0161le sve punoletne osobe ali posebno ohrabrujemo osobe uzrasta izme\u0111u 18 i 30 godina da se prijave i njima \u0107emo davati prednost.<\/p>\n<p>Put, sme\u0161ta, hrana i sredstva za rad su obezbe\u0111eni i besplatni za sve u\u010desnike i u\u010desnice.<\/p>\n<p>Svi detalji o Velikoj volonterskoj #\u0160TANAMTE\u0160\u041aO akciji nalaze se na ovom linku <a href=\"https:\/\/www.mis.org.rs\/objave\/docekajte-prolece-a-dunavu-druga-velika-volonterska-stanamtesko-akcija\/\" target=\"_blank\" rel=\"noopener\">OVDE<\/a>.<br \/>\nDo prijavnog formulara se dolazi klikom <a href=\"https:\/\/istrazivaci.wufoo.com\/forms\/mm02ad80cbpcld\/\" target=\"_blank\" rel=\"noopener\">OVDE.<\/a><\/p>\n<p>Pridru\u017eite nam se!<\/p>\n","protected":false},"excerpt":{"rendered":"<p>Velika volonterska #\u0160TANAMTE\u0160\u041aO akcija odr\u017ea\u0107e se u Nacionalnom parku &#8222;\u0110erdap&#8220; od 20. do 22. marta. Veliku volontersku #\u0160TANAMTE\u0160\u041aO akciju organizuju Mladi istra\u017eiva\u010di Srbije u saradnji sa Pokretom gorana Vojvodine, CeGraD-om, Narodnim Parlamentom i javnim preduze\u0107em \u00abNacionalni park \u0110erdap\u00bb.<\/p>\n","protected":false},"author":1,"featured_media":635,"comment_status":"open","ping_status":"open","sticky":false,"template":"","format":"standard","meta":{"footnotes":""},"categories":[4],"tags":[],"class_list":["post-238","post","type-post","status-publish","format-standard","has-post-thumbnail","hentry","category-vesti"],"_links":{"self":[{"href":"https:\/\/cegrad.org\/index.php\/wp-json\/wp\/v2\/posts\/238","targetHints":{"allow":["GET"]}}],"collection":[{"href":"https:\/\/cegrad.org\/index.php\/wp-json\/wp\/v2\/posts"}],"about":[{"href":"https:\/\/cegrad.org\/index.php\/wp-json\/wp\/v2\/types\/post"}],"author":[{"embeddable":true,"href":"https:\/\/cegrad.org\/index.php\/wp-json\/wp\/v2\/users\/1"}],"replies":[{"embeddable":true,"href":"https:\/\/cegrad.org\/index.php\/wp-json\/wp\/v2\/comments?post=238"}],"version-history":[{"count":1,"href":"https:\/\/cegrad.org\/index.php\/wp-json\/wp\/v2\/posts\/238\/revisions"}],"predecessor-version":[{"id":636,"href":"https:\/\/cegrad.org\/index.php\/wp-json\/wp\/v2\/posts\/238\/revisions\/636"}],"wp:featuredmedia":[{"embeddable":true,"href":"https:\/\/cegrad.org\/index.php\/wp-json\/wp\/v2\/media\/635"}],"wp:attachment":[{"href":"https:\/\/cegrad.org\/index.php\/wp-json\/wp\/v2\/media?parent=238"}],"wp:term":[{"taxonomy":"category","embeddable":true,"href":"https:\/\/cegrad.org\/index.php\/wp-json\/wp\/v2\/categories?post=238"},{"taxonomy":"post_tag","embeddable":true,"href":"https:\/\/cegrad.org\/index.php\/wp-json\/wp\/v2\/tags?post=238"}],"curies":[{"name":"wp","href":"https:\/\/api.w.org\/{rel}","templated":true}]}}