{"id":236,"date":"2019-10-04T10:33:21","date_gmt":"2019-10-04T10:33:21","guid":{"rendered":"https:\/\/cegrad.org\/index.php\/2019\/10\/04\/rezultati-sta-nam-tes-o-konkursa\/"},"modified":"2022-06-10T19:31:35","modified_gmt":"2022-06-10T19:31:35","slug":"rezultati-sta-nam-tes-o-konkursa","status":"publish","type":"post","link":"https:\/\/cegrad.org\/index.php\/2019\/10\/04\/rezultati-sta-nam-tes-o-konkursa\/","title":{"rendered":"Rezultati \u201e\u0160TA NAM TE\u0160\u041aO\u201c konkursa"},"content":{"rendered":"<p>\u041aonkurs \u201e\u0160ta nam te\u0161ko\u201c uspe\u0161no je zavr\u0161en. Do 25. septembra, poslednjeg dana prijavljivanja, na \u201e\u0160ta nam te\u0161ko\u201c konkurs pristigla je 181 prijava. Odlukom peto\u010dlane komisije podr\u017eano je 135 omladinskih volonterskih akcija sa bud\u017eetima do maksimalnog iznosa od 48 000,00 dinara po akciji. \u041aomisija je utvrdila da je u prvom krugu konkursa pristigao dovoljan broj kvalitetnih prijava na osnovu \u010dega je doneta odluka da nema potrebe za otvaranjem dodatnih krugova konkursa.<\/p>\n<p><!--more--><\/p>\n<p>Lista podr\u017eanih #\u0160taNamTe\u0161ko akcija nalazi se <a href=\"http:\/\/youth.rs\/wp-content\/uploads\/2019\/10\/\u041b\u0418\u0421\u0422\u0410-\u041f\u041e\u0414\u0420\u0416\u0410\u041d\u0418\u0425-\u0410\u041a\u0426\u0418\u0408\u0410-\u041d\u0410-\u0428\u0442\u0430\u041d\u0430\u043c\u0422\u0435\u0448\u043a\u043e-\u041a\u041e\u041d\u041a\u0423\u0420\u0421\u0423.pdf\" target=\"_self\" rel=\"noopener\">OVDE<\/a><\/p>\n<p>Predstavnike i predstavnice organizacija i neformalnih grupa \u010deka intenzivan i uzbudljiv period obuka, u\u010denja i realizacije predvi\u0111enih aktivnosti. Pratite njihove uspehe na dru\u0161tvenim mre\u017eama <a href=\"https:\/\/www.facebook.com\/StaNamTeskoAkcije\/\" target=\"_self\" rel=\"noopener\">Fejsbuk<\/a> i <a href=\"https:\/\/www.instagram.com\/sta.nam.tesko\/\" target=\"_self\" rel=\"noopener\">Instagram <\/a>i podr\u017eite ih.<\/p>\n<p>U narednim danima sve podr\u017eane organizacije i neformalne grupe bi\u0107e kontaktirane od strane mentora i mentorki.<\/p>\n<p>Zahvaljujemo se svim prijavljenim grupama. Onima \u010diji predlozi ove godine nisu podr\u017eani poru\u010dujemo da ne odustanu od svojih ideja ve\u0107 da ih neguju i razvijaju.<\/p>\n<p>\u041aonkurs \u201e\u0160ta nam te\u0161ko\u201c sprovode <a href=\"https:\/\/www.mis.org.rs\/\" target=\"_self\" rel=\"noopener\">Mladi istra\u017eiva\u010di Srbije<\/a> u partnerstvu sa <a href=\"http:\/\/www.pgv.org.rs\/\" target=\"_self\" rel=\"noopener\">Pokretom gorana Vojvodine<\/a>, CeGraD-om iz Obrenovca i <a href=\"http:\/\/www.parlament.org.rs\/\" target=\"_blank\" rel=\"noopener\">Narodnim parlamentom<\/a> iz Leskovca, uz podr\u0161ku Ministarstva omladine i sporta Republike Srbije.<\/p>\n","protected":false},"excerpt":{"rendered":"<p>\u041aonkurs \u201e\u0160ta nam te\u0161ko\u201c uspe\u0161no je zavr\u0161en. Do 25. septembra, poslednjeg dana prijavljivanja, na \u201e\u0160ta nam te\u0161ko\u201c konkurs pristigla je 181 prijava. Odlukom peto\u010dlane komisije podr\u017eano je 135 omladinskih volonterskih akcija sa bud\u017eetima do maksimalnog iznosa od 48 000,00 dinara po akciji. \u041aomisija je utvrdila da je u prvom krugu konkursa pristigao dovoljan broj kvalitetnih prijava na osnovu \u010dega je [&hellip;]<\/p>\n","protected":false},"author":1,"featured_media":614,"comment_status":"open","ping_status":"open","sticky":false,"template":"","format":"standard","meta":{"footnotes":""},"categories":[4],"tags":[],"class_list":["post-236","post","type-post","status-publish","format-standard","has-post-thumbnail","hentry","category-vesti"],"_links":{"self":[{"href":"https:\/\/cegrad.org\/index.php\/wp-json\/wp\/v2\/posts\/236","targetHints":{"allow":["GET"]}}],"collection":[{"href":"https:\/\/cegrad.org\/index.php\/wp-json\/wp\/v2\/posts"}],"about":[{"href":"https:\/\/cegrad.org\/index.php\/wp-json\/wp\/v2\/types\/post"}],"author":[{"embeddable":true,"href":"https:\/\/cegrad.org\/index.php\/wp-json\/wp\/v2\/users\/1"}],"replies":[{"embeddable":true,"href":"https:\/\/cegrad.org\/index.php\/wp-json\/wp\/v2\/comments?post=236"}],"version-history":[{"count":2,"href":"https:\/\/cegrad.org\/index.php\/wp-json\/wp\/v2\/posts\/236\/revisions"}],"predecessor-version":[{"id":650,"href":"https:\/\/cegrad.org\/index.php\/wp-json\/wp\/v2\/posts\/236\/revisions\/650"}],"wp:featuredmedia":[{"embeddable":true,"href":"https:\/\/cegrad.org\/index.php\/wp-json\/wp\/v2\/media\/614"}],"wp:attachment":[{"href":"https:\/\/cegrad.org\/index.php\/wp-json\/wp\/v2\/media?parent=236"}],"wp:term":[{"taxonomy":"category","embeddable":true,"href":"https:\/\/cegrad.org\/index.php\/wp-json\/wp\/v2\/categories?post=236"},{"taxonomy":"post_tag","embeddable":true,"href":"https:\/\/cegrad.org\/index.php\/wp-json\/wp\/v2\/tags?post=236"}],"curies":[{"name":"wp","href":"https:\/\/api.w.org\/{rel}","templated":true}]}}