{"id":235,"date":"2019-09-19T19:42:24","date_gmt":"2019-09-19T19:42:24","guid":{"rendered":"https:\/\/cegrad.org\/index.php\/2019\/09\/19\/poziv-za-volontere-predeo-izuzetnih-odlika-lisura-reke-gradac-valjevo-18-20-oktobar-2019\/"},"modified":"2022-06-10T19:27:23","modified_gmt":"2022-06-10T19:27:23","slug":"poziv-za-volontere-predeo-izuzetnih-odlika-lisura-reke-gradac-valjevo-18-20-oktobar-2019","status":"publish","type":"post","link":"https:\/\/cegrad.org\/index.php\/2019\/09\/19\/poziv-za-volontere-predeo-izuzetnih-odlika-lisura-reke-gradac-valjevo-18-20-oktobar-2019\/","title":{"rendered":"POZIV ZA VOLONTERE: Predeo izuzetnih odlika \u041alisura reke Gradac, Valjevo 18-20. oktobar 2019."},"content":{"rendered":"<p>Veliku volontersku #\u0160TANAMTE\u0160\u041aO akciju organizuju Mladi istra\u017eiva\u010di Srbije u saradnji sa Pokretom gorana Vojvodine, CeGraD-om, Narodnim Parlamentomi upravlja\u010dem ovog za\u0161ti\u0107enog prirodnog dobra, Ekolo\u0161kim dru\u0161tvom \u201eGradac\u201c.<\/p>\n<p><!--more--><\/p>\n<p>Akcija je podr\u017eana od strane Ministarstva omladine i sporta, Ministarstva za\u0161tite \u017eivotne sredine, Ambasade \u041araljevine \u0160vedske, Regionalne kancelarije za mlade i Grada Valjeva.<\/p>\n<p><strong>\u0160ta 100 ljudi mo\u017ee da uradi za Gradac u jednom danu?<\/strong><\/p>\n<p>Planiramo da: ure\u0111ujemo obalu i prirodu oko ove reke izuzetne prirodne lepote, popravljamo kamene brane koje slu\u017ee kao prirodna mrestili\u0161ta za ribe, uklanjamo ambroziju i druge invazivne vrste, prikupljamo otpad, ure\u0111ujemo mesta za kampovanje i postavljamo klupe i stolove na odmori\u0161tima, info-table.<\/p>\n<p><strong>\u041ao sve mo\u017ee da u\u010destvuje?<\/strong><br \/>\nSvi ljudi su dobrodo\u0161li, a prioritet dajemo mladima od 18 do 30 godina, iz cele Srbije.<\/p>\n<p><strong>Evo i nekoliko dobrih razloga za\u0161to treba da se prijavi\u0161 na veliku #\u0160TANAMTE\u0160\u041aO akciju<\/strong><br \/>\n\u2022 Ima\u0161 priliku da promeni\u0161 sredinu, putuje\u0161 i ode\u0161 u drugi kraj Srbije<br \/>\n\u2022 Upozna\u0107e\u0161 100 mladih ljudi iz raznih krajeva Srbije, a \u0161anse da me\u0111u njima prona\u0111e\u0161 najboljeg druga, drugaricu, mo\u017eda devojku ili de\u010dka, su\u2013 velike<br \/>\n\u2022 Bi\u0107e\u0161 koristan, tj. korisna! Zamisli \u0161ta 100 ljudi mo\u017ee da uradi u toku jednog radnog dana od 6 sati (radi se u subotu, 19. oktobra, dok se u petak i nedelju dru\u017eimo)<br \/>\n\u2022 Zahvali\u0107e ti se li\u010dno predstavnici Ministarstva omladine i sporta, Ministarstva za\u0161tite \u017eivotne sredine, ambasade \u041araljevine \u0160vedske, Grada Valjeva, a da ne zaboravimo i sve zaljubljenike u prirodu koji za Gradac imaju posebno mesto u srcu<br \/>\n\u2022 Potvrda o u\u010de\u0161\u0107u koju \u0107e\u0161 dobiti otvara ti vrata za sve akcije i kampove programa MLADI SU ZA\u041aON Ministarstva omladine i sporta, o kojima \u0107emo te redovno obave\u0161tavati<br \/>\n\u2022 Plus \u2013 ne\u0107e\u0161 imati nikakve tro\u0161kove osim mo\u017eda za neki lokalni specijalitet; kartu do i od Valjeva \u0107emo ti refundirati \u010dim nam ih po povratku ku\u0107i po\u0161alje\u0161 po\u0161tom<\/p>\n<p><strong>\u0160ta treba znati pre prijavljivanja?<\/strong><br \/>\n\u2022 Svi tro\u0161kovi su pokriveni. Sme\u0161taj je obezbe\u0111en u Istra\u017eiva\u010dkoj stanici \u201ePetnica\u201c u potpuno opremljenim sobama. Hrana je tako\u0111e obezbe\u0111ena, kao i prevoz od-do Gradca i osiguranje od evenutalnih povreda.<br \/>\n\u2022 Rad ne\u0107e biti te\u017eak ni rizi\u010dan. Nije potrebno da ima\u0161 neke posebne ve\u0161tine ili znanja \u2013 nau\u010di\u0107e\u0161 tokom akcije da radi\u0161 neke nove i korisne stvari. Pre po\u010detka radnog dela \u0107emo svim volonterima objasniti ta\u010dno \u0161ta i kako se radi. Ima\u0107ete obezbe\u0111ene alate za rad i adekvatnu za\u0161titu, a i na\u0161e #\u0160TANAMTE\u0160\u041aO majice.<br \/>\n\u2022Ima\u0107e\u0161 priliku da, pored radnog dela, upozna\u0161 Gradac i programe Mladih istra\u017eiva\u010da Srbije i Istra\u017eiva\u010dke stanice Petnica, kao i programe Pokreta gorana Vojvodine, CeGraD-a i Narodnog Parlamenta.<br \/>\n\u2022 O\u010dekujemo da do\u0111ete u Valjevo, u petak, 18. oktobra, do 17 sati, a odlazak sa velike #\u0160TANAMTE\u0160\u041aO akcije je u nedelju, 20. oktobra, posle doru\u010dka.<br \/>\n\u2022 Detaljne informacije o akciji, na\u010dinu dolaska, kontakt telefonima, onome \u0161ta ti je potrebno da ponese\u0161, posla\u0107emo ti dve nedelje pre akcije.<\/p>\n<p><strong>\u041aako mo\u017ee\u0161 da se prijavi\u0161?<\/strong><br \/>\nPotrebno je da popuni\u0161 ovu <a href=\"#link_tab\">PRIJAVU<\/a>. Na adresu tvoje e-po\u0161te \u0107e\u0161 dobiti odgovor da li si primljen\/a u roku od 2 radna dana posle poslednjeg dana za prijavu, <strong>4. oktobra<\/strong>. Zatim \u0107e biti potrebno da nam potvrdi\u0161 da li dolazi\u0161. I \u2013 to je to!<br \/>\n*Molimo te samo da nam javi\u0161 \u010dim sazna\u0161 u slu\u010daju da ne mo\u017ee\u0161 da do\u0111e\u0161, kako bismo primili nekog drugog. \u0160to nam kasnije javi\u0161, to \u0107e biti te\u017ee da ti na\u0111emo zamenu, pa te molimo da, jednom kada ti potvrdimo, razmisli\u0161 dva puta pre odustajanja od u\u010de\u0161\u0107a.<\/p>\n<p>Za sve informacije o akciji mo\u017ee\u0161 kontaktirati:<\/p>\n<p>Mlade istra\u017eiva\u010de Srbije \u2013 Volonterski servis Srbije<br \/>\nBulevar umetnosti 27, Beograd<br \/>\nTel. 011\/3116663, e-po\u0161ta: <a href=\"mailto:incoming@mis.org.rs\">incoming@mis.org.rs<\/a><br \/>\n<a href=\"http:\/\/www.mis.org.rs\" target=\"_blank\" rel=\"noopener noreferrer\">www.mis.org.rs<\/a><\/p>\n<p>Centar za gra\u0111ansko delovanje \u2013 CeGraD<br \/>\nRadenka Rankovi\u0107a 13, Obrenovac<br \/>\nTel. 064\/1329336, e-po\u0161ta: <a href=\"mailto:office@cegrad.org\">office@cegrad.org<\/a><br \/>\n<a href=\"http:\/\/www.cegrad.org\" target=\"_blank\" rel=\"noopener noreferrer\">www.cegrad.org<\/a><\/p>\n<p>PokretgoranaVojvodine<br \/>\nMitropolita Stratimirovi\u0107a 5, Sremski \u041aarlovci<br \/>\nTel. 060\/0967294,e-po\u0161ta:<a href=\"mailto:vlada@pgv.org.rs\">vlada@pgv.org.rs<\/a><br \/>\n<a href=\"http:\/\/www.pgv.org.rs\" target=\"_blank\" rel=\"noopener noreferrer\">www.pgv.org.rs<\/a><\/p>\n<p>Narodni parlament<br \/>\nIlije Strele 3, Leskovac<br \/>\nTel. 060\/4570707, e-po\u0161ta: <a href=\"mailto:ana@mladisuzakon.rs\">ana@mladisuzakon.rs<\/a><br \/>\n<a href=\"http:\/\/www.parlament.org.rs\" target=\"_blank\" rel=\"noopener noreferrer\">www.parlament.org.rs<\/a><\/p>\n<p>Uz podr\u0161ku:<\/p>\n<p><img decoding=\"async\" class=\"alignnone size-full wp-image-13704 td-animation-stack-type0-2\" src=\"http:\/\/youth.rs\/wp-content\/uploads\/2019\/09\/podrska.png\" srcset=\"http:\/\/youth.rs\/wp-content\/uploads\/2019\/09\/podrska.png 915w, &lt;a href=\" alt=\"\" \/><\/p>\n","protected":false},"excerpt":{"rendered":"<p>Veliku volontersku #\u0160TANAMTE\u0160\u041aO akciju organizuju Mladi istra\u017eiva\u010di Srbije u saradnji sa Pokretom gorana Vojvodine, CeGraD-om, Narodnim Parlamentomi upravlja\u010dem ovog za\u0161ti\u0107enog prirodnog dobra, Ekolo\u0161kim dru\u0161tvom \u201eGradac\u201c.<\/p>\n","protected":false},"author":1,"featured_media":568,"comment_status":"open","ping_status":"open","sticky":false,"template":"","format":"standard","meta":{"footnotes":""},"categories":[4],"tags":[],"class_list":["post-235","post","type-post","status-publish","format-standard","has-post-thumbnail","hentry","category-vesti"],"_links":{"self":[{"href":"https:\/\/cegrad.org\/index.php\/wp-json\/wp\/v2\/posts\/235","targetHints":{"allow":["GET"]}}],"collection":[{"href":"https:\/\/cegrad.org\/index.php\/wp-json\/wp\/v2\/posts"}],"about":[{"href":"https:\/\/cegrad.org\/index.php\/wp-json\/wp\/v2\/types\/post"}],"author":[{"embeddable":true,"href":"https:\/\/cegrad.org\/index.php\/wp-json\/wp\/v2\/users\/1"}],"replies":[{"embeddable":true,"href":"https:\/\/cegrad.org\/index.php\/wp-json\/wp\/v2\/comments?post=235"}],"version-history":[{"count":1,"href":"https:\/\/cegrad.org\/index.php\/wp-json\/wp\/v2\/posts\/235\/revisions"}],"predecessor-version":[{"id":639,"href":"https:\/\/cegrad.org\/index.php\/wp-json\/wp\/v2\/posts\/235\/revisions\/639"}],"wp:featuredmedia":[{"embeddable":true,"href":"https:\/\/cegrad.org\/index.php\/wp-json\/wp\/v2\/media\/568"}],"wp:attachment":[{"href":"https:\/\/cegrad.org\/index.php\/wp-json\/wp\/v2\/media?parent=235"}],"wp:term":[{"taxonomy":"category","embeddable":true,"href":"https:\/\/cegrad.org\/index.php\/wp-json\/wp\/v2\/categories?post=235"},{"taxonomy":"post_tag","embeddable":true,"href":"https:\/\/cegrad.org\/index.php\/wp-json\/wp\/v2\/tags?post=235"}],"curies":[{"name":"wp","href":"https:\/\/api.w.org\/{rel}","templated":true}]}}