{"id":234,"date":"2019-09-19T06:50:57","date_gmt":"2019-09-19T06:50:57","guid":{"rendered":"https:\/\/cegrad.org\/index.php\/2019\/09\/19\/konkurs-za-sta-nam-tesko-volontere\/"},"modified":"2022-06-10T19:31:28","modified_gmt":"2022-06-10T19:31:28","slug":"konkurs-za-sta-nam-tesko-volontere","status":"publish","type":"post","link":"https:\/\/cegrad.org\/index.php\/2019\/09\/19\/konkurs-za-sta-nam-tesko-volontere\/","title":{"rendered":"Konkurs za \u0160ta nam te\u0161ko volontere"},"content":{"rendered":"<p>Pod sloganom Me\u0111unarodnog dana volontera, 5. decembra 2019, a \u010dijim \u0107emo se povodom okupiti ove zime na nacionalnoj proslavi:\u201cVolontiraj za inkluzivnu budu\u0107nost\u201d otvaramo poziv za volontere u okviru \u201c\u0160ta nam te\u0161ko\u201d konkursa za omladinske volonterske akcije<\/p>\n<p><!--more--><\/p>\n<p>Kako:prijavite se onlajn<\/p>\n<p>U kom periodu: septembar \u2013 decembar 2019.<\/p>\n<p>UKRATKO: Ovaj konkurs je namenjen onima koji \u017eele da daju malu gurku i podr\u0161ku mladima koji nisu do sada bili aktivni, da se aktiviraju i urade ne\u0161to zabavno, edukativno i korisno za svoje mesto i svoju zajednicu.<\/p>\n<p><strong>\u0160ta rade #\u0160ta nam te\u0161ko\u201c volonteri?<\/strong><\/p>\n<p>Prvi veliki korak je da uspete da zainteresujete grupu od minimum troje mladih od 15 do 30 godina iz va\u0161eg okru\u017eenja da se prijave na <a href=\"https:\/\/mladisuzakon.rs\/stanamtesko-konkurs\/\" target=\"_blank\" rel=\"noopener noreferrer\">konkurs<\/a> (rok je 25.09). To je ba\u0161 velika stvar. Na\u0161 cilj je da se na konkurs prijavi \u0161to vi\u0161e onih mladih koji nisu ranije bili aktivni nigde, ni na kakvim aktivnostima.<\/p>\n<p>Drugi korak je da ih ohrabrite da osmisle \u0161ta bi radili i da popune prijavu. E, to je ba\u0161 ba\u0161 velika stvar! Promena je krenula da se de\u0161ava!<\/p>\n<p>Tre\u0107i korak je da Komisija selektuje njihovu prijavu za finansiranje (30. septembar). U tom slu\u010daju, grupa dobija jo\u0161 jednog mentora ili mentorku, koji \u0107e im pomo\u0107i u daljim koracima. To ne zna\u010di da ste vi manje bitni! Samo da imate dodatno poja\u010danje!<\/p>\n<p>\u010cetvrti korak je da ih podr\u017eite onako kako prirodno to bude do\u0161lo: u re\u0161avanju problema, savetovanju, mo\u017eete ih posetiti, ili na bilo koji drugi na\u010din u skladu sa va\u0161im interesovanjem i mogu\u0107nostima.<\/p>\n<p>Peti korak je da ih posavetujete \u0161ta sve mogu da rade osim #\u0160NT konkursa (na drugim programima Mladih istra\u017eiva\u010da Srbije, Pokreta gorana Vojvodine, CeGraD-a ili Narodnog parlamenta, ili da na drugi na\u010din budu aktivni).<\/p>\n<p><strong>Kad i koliko \u010desto?<\/strong><\/p>\n<p>Od 5. septembra do 31. decembra 2019. godine (ili ranije, do kraja realizacije #\u0160NT akcija).<\/p>\n<p>Onoliko \u010desto koliko mo\u017eete. Najpre je bitno da ohrabrite nekog iz va\u0161eg okru\u017eenja da se prijavi, a ako u tome uspete, da ih pratite tokom realizacije.<\/p>\n<p><strong>Kako da se prijavite i kad?<\/strong><\/p>\n<p>Onlajn prijava je <a href=\"https:\/\/istrazivaci.wufoo.com\/forms\/prijava-za-tanamteko-volontere\/\" target=\"_blank\" rel=\"noopener noreferrer\">OVDE<\/a><\/p>\n<p>5. septembra vam \u0161aljemo savete kako sve mo\u017eete da pomognete grupi.<\/p>\n<p><strong>Na\u0161a podr\u0161ka vama<\/strong><\/p>\n<p>U zavisnosti gde \u017eivite, poveza\u0107emo vas sa mentorima koji \u0107e biti zadu\u017eeni za va\u0161 okrug. Mo\u017eete se dogovarati, na primer, da zajedno organizujete promocije konkursa po \u0161kolama, fakultetima, kancelarijama za mlade i na drugim mestima u zajednici.<\/p>\n<p>U mogu\u0107nosti smo da vam platimo putne tro\u0161kove, ukoliko \u017eelite da promovi\u0161ete konkurs u okru\u017eenju ili, kasnije, posetite grupu koju podr\u017eavate.<\/p>\n<p>Tako\u0111e, ukoliko va\u0161a grupa bude selektovana, dobi\u0107ete od nas #\u0160taNamTe\u0161ko majicu, kao i direktan poziv na proslavu Me\u0111unarodnog dana volontera u Beogradu, 5. decembra, sa pla\u0107enim putnim tro\u0161kovima, a i prioritet i direktan poziv za u\u010de\u0161\u0107e na svim na\u0161im programima i programima na\u0161ih partnera, Pokreta Gorana Vojvodine, Narodnog parlamenta i CeGraD-a ali i o drugim pr . Po zavr\u0161etku anga\u017eovanja, od nas \u0107ete dobiti i potvrdu o volontiranju, ukoliko to budete \u017eeleli.<\/p>\n<p><strong>Ko su #\u0160taNamTe\u0161ko volonteri?<\/strong><\/p>\n<p>Ranije ili trenutno aktivni u jednoj od ogranizacija: Mladi istra\u017eiva\u010di Srbije, Pokret gorana Vojvodine, CeGraD-a ili Narodnog parlamenta ili bilo koje druge organizacije; mladi koji su prethodnih godina sprovodili akcije u okviru programa; mo\u017eete biti i u srodstvu sa nekim ko je bio na\u0161 \u010dlan, pa ste pod utiskom njegove\/njene li\u010dne transformacije \u263a<br \/>\nBez ograni\u010denja u godinama.<br \/>\nNebitno je da li ste studenti, zaposleni, nezaposleni, bake, deke, tetke ili stri\u010devi, profesori, ili penzioneri; bitno je samo da ste zainteresovani i da imate vremena i \u017eelje da se ovim bavite u narednom periodu<\/p>\n","protected":false},"excerpt":{"rendered":"<p>Pod sloganom Me\u0111unarodnog dana volontera, 5. decembra 2019, a \u010dijim \u0107emo se povodom okupiti ove zime na nacionalnoj proslavi:\u201cVolontiraj za inkluzivnu budu\u0107nost\u201d otvaramo poziv za volontere u okviru \u201c\u0160ta nam te\u0161ko\u201d konkursa za omladinske volonterske akcije<\/p>\n","protected":false},"author":1,"featured_media":648,"comment_status":"open","ping_status":"open","sticky":false,"template":"","format":"standard","meta":{"footnotes":""},"categories":[4],"tags":[],"class_list":["post-234","post","type-post","status-publish","format-standard","has-post-thumbnail","hentry","category-vesti"],"_links":{"self":[{"href":"https:\/\/cegrad.org\/index.php\/wp-json\/wp\/v2\/posts\/234","targetHints":{"allow":["GET"]}}],"collection":[{"href":"https:\/\/cegrad.org\/index.php\/wp-json\/wp\/v2\/posts"}],"about":[{"href":"https:\/\/cegrad.org\/index.php\/wp-json\/wp\/v2\/types\/post"}],"author":[{"embeddable":true,"href":"https:\/\/cegrad.org\/index.php\/wp-json\/wp\/v2\/users\/1"}],"replies":[{"embeddable":true,"href":"https:\/\/cegrad.org\/index.php\/wp-json\/wp\/v2\/comments?post=234"}],"version-history":[{"count":2,"href":"https:\/\/cegrad.org\/index.php\/wp-json\/wp\/v2\/posts\/234\/revisions"}],"predecessor-version":[{"id":649,"href":"https:\/\/cegrad.org\/index.php\/wp-json\/wp\/v2\/posts\/234\/revisions\/649"}],"wp:featuredmedia":[{"embeddable":true,"href":"https:\/\/cegrad.org\/index.php\/wp-json\/wp\/v2\/media\/648"}],"wp:attachment":[{"href":"https:\/\/cegrad.org\/index.php\/wp-json\/wp\/v2\/media?parent=234"}],"wp:term":[{"taxonomy":"category","embeddable":true,"href":"https:\/\/cegrad.org\/index.php\/wp-json\/wp\/v2\/categories?post=234"},{"taxonomy":"post_tag","embeddable":true,"href":"https:\/\/cegrad.org\/index.php\/wp-json\/wp\/v2\/tags?post=234"}],"curies":[{"name":"wp","href":"https:\/\/api.w.org\/{rel}","templated":true}]}}