{"id":233,"date":"2019-08-26T06:48:41","date_gmt":"2019-08-26T06:48:41","guid":{"rendered":"https:\/\/cegrad.org\/index.php\/2019\/08\/26\/stanamtesko-konkurs\/"},"modified":"2022-06-10T19:30:06","modified_gmt":"2022-06-10T19:30:06","slug":"stanamtesko-konkurs","status":"publish","type":"post","link":"https:\/\/cegrad.org\/index.php\/2019\/08\/26\/stanamtesko-konkurs\/","title":{"rendered":"\u0160taNamTe\u0161ko konkurs"},"content":{"rendered":"<p>Ove jeseni i zime i ti mo\u017ee\u0161 kroz program \u201eMladi su zakon\u201c da se sa svojim drugarima organizuje\u0161 i da uradi\u0161 ne\u0161to korisno u svom mestu \u2013 otvoren je prvi krug konkursa za finansiranje i podr\u0161ku ideja mladih (od 15 do 30 godina) pod nazivom \u201c\u0160ta nam te\u0161ko\u201c, \u041aroz ovaj konkurs \u0107e se do kraja 2019. podr\u017eati 135 omladinskih volonterskih akcija \u0161irom Srbije u iznosu od 20.000 do 48.000 dinara po akciji, a ukupno sa \u010dak 6.5 miliona dinara!<\/p>\n<p><!--more--><\/p>\n<p>\u041aonkurs \u201e\u0160ta nam te\u0161ko\u201c sprovode Mladi istra\u017eiva\u010di Srbije u partnerstvu sa Pokretom gorana Vojvodine, CeGraD-om iz Obrenovca i Narodnim parlamentom iz Leskovca, uz podr\u0161ku Ministarstva omladine i sporta Republike Srbije.<br \/>\n<strong>Principi kojima se vodimo u podr\u0161ci #\u0160taNamTe\u0161ko omladinskih volonterskih akcija:<\/strong><\/p>\n<ul>\n<li>Podr\u0161ka li\u010dnom i dru\u0161tvenom osna\u017eivanju mladih<\/li>\n<li>Po\u0161tovanje ljudskih i manjinskih prava, ravnopravnost i zabrana diskriminacije<\/li>\n<li>Jednake \u0161anse za sve<\/li>\n<li>Zna\u010daj mladih i njihove dru\u0161tvene uloge<\/li>\n<li>Aktivno u\u010de\u0161\u0107e mladih i saradnja<\/li>\n<li>Dru\u0161tvena odgovornost i solidarnost<\/li>\n<\/ul>\n<p>Ovo u prevodu zna\u010di da \u017eelimo da podr\u017eimo SVE mlade, koji \u017eele da urade ne\u0161to korisno u svom mestu, za ljude iz svoje zajednice ili \u017eivotnu sredinu. Ne morate da budete odli\u010dni \u0111aci ili studenti, da imate prethodno iskustvo, da ste do sada ve\u0107 volontirali ili bili aktivni na bilo kakav na\u010din. Ovo je prilika i za one aktivne i pune inicijative, ali i za one stidljive, povu\u010dene, kojima treba podr\u0161ka, kojima je ovo prvi put da ne\u0161to organizuju.<br \/>\nTeme va\u0161ih #\u0160taNamTe\u0161ko akcija mogu biti zaista raznolike. Akcije mogu biti ekolo\u0161ke, edukativne, socijalne, tj. usmerene posebno ugro\u017eenim grupama ljudi, zatim renoviranje, kampanje, kulturni programi; Bitno je da va\u0161a akcija ima smisla: bude realno ostvarljiva, re\u0161ava neki konkretan problem ili potrebu zajednice, tj. pobolj\u0161ava \u017eivot u va\u0161em mestu, neprofitnog je karaktera, tj. ne koristi se za li\u010dnu dobit.<\/p>\n<p><strong>Evo nekih ideja \u0161ta biste sve mogli da radite\/promenite u svom okru\u017eenju, tj. lokalnoj zajednici:<\/strong><\/p>\n<ul>\n<li>u\u010destvujte u ure\u0111enju javnih prostora u kojima provodite slobodno vreme ili drugih prostora od javnog interesa i\/ili organizujte aktivnosti u mestu u kom \u017eivite, a naro\u010dito za mlade iz va\u0161eg mesta (na primer mo\u017eete organizovati akciju \u010di\u0161\u0107enja i renoviranja prostora, ali i organizovati razli\u010dite kulturne doga\u0111aje: izlo\u017ebe, predstave i sli\u010dno)<\/li>\n<li>organizujte akcije u cilju za\u0161tite \u017eivotne sredine; Ove aktivnosti mogu biti kampanje za skretanje pa\u017enje na uo\u010deni problem, promotivne akcije \u010di\u0161\u0107enja i ure\u0111enja javnih povr\u0161ina (parkova, za\u0161ti\u0107enih prirodnih dobara u saradnji sa njihovim upravlja\u010dima i dr), edukacije o za\u0161titi \u017eivotne sredine (na primer o recikla\u017ei, racionalnom tro\u0161enju energije, zaga\u0111enju, odr\u017eivom transportu, klimatskim promenama i dr), ili druge aktivnosti za koje smatrate da postoje kao potreba u va\u0161oj zajednici.<\/li>\n<li>promovi\u0161ite me\u0111ugeneracijsku saradnju; va\u0161e aktivnosti ne moraju da budu samo \u201emladi za mlade\u201c \u2013 na primer, aktivnosti koje vi kao omladinsko udru\u017eenje ili neformalna grupa mladih organizujete mogu da uklju\u010de i mla\u0111e, odnosno starije od vas (manje ili vi\u0161e od 15-30 godina). Na primer, mo\u017eete raditi razne radionice sa pret\u0161kolcima, ali i anga\u017eovati roditelje da prenose svoja znanja va\u0161im vr\u0161njacima, kao i da vi nau\u010dite bake i deke kako da koriste kompjuter.<br \/>\npromovi\u0161ite razumevanje, toleranciju i jednake \u0161anse za sve mlade; u va\u0161im aktivnostima treba se voditi ovim principima i neka va\u0161e aktivnosti budu otvorene za sve; potrudite se da<\/li>\n<li>uklju\u010dite jednak broj mu\u0161kih i \u017eenskih u\u010desnika; nemojte diskriminisati mlade sa te\u0161ko\u0107ama (u razvoju, sa fizi\u010dkim smetnjama, iz malih i udaljenih mesta, i sl), iz razli\u010ditih manjinskih i etni\u010dkih grupa i razli\u010dite seksualne orijentacije.<\/li>\n<li>promovi\u0161ete zdrave i bezbedne stilove \u017eivota; na primer: aktivnosti u prirodi, kampanje protiv upotrebe alkohola, duvana i psihoaktivnih supstanci, kampanje o reproduktivnom zdravlju, o bezbednosti na internetu, u saobra\u0107aju, o prevenciji vr\u0161nja\u010dkog nasilja i sli\u010dno, edukativne radionice na te ili druge teme koje smatrate od zna\u010daja za mlade iz va\u0161eg mesta.<\/li>\n<li>organizujete I\u041aT edukaciju (I\u041aT \u2013 informacione i komunikacione tehnologije), usmerene ka va\u0161im vr\u0161njacima ali i prema starijim gra\u0111anima va\u0161e zajednice: na primer kori\u0161\u0107enje interneta, razli\u010ditih programa, dru\u0161tvenih mre\u017ea i servisa.<\/li>\n<li>promovi\u0161ete solidarnost i humanost naro\u010dito prema socijalno ugro\u017eenim grupama, osobama sa invaliditetom, starim licima i drugim grupama. Na primer, razmislite koje su njihove potrebe i kako vi na njih mo\u017eete da odgovorite, ili ih, jednostavno, uklju\u010dite u svoje planirane aktivnosti.<\/li>\n<li>ili imate nove, kreativne i inovativne ideje za pobolj\u0161anje \u017eivota u va\u0161oj zajednici. Sve ideje, ma koliko delovale \u0161a\u0161avo (posebno cenimo inovativnost), ukoliko su za dobrobit va\u0161e zajednice ili ugro\u017eenih pojedinaca\/grupa iz zajednice, neprofitnog karaktera (tj. ne slu\u017ee za stvaranje novca u privatne svrhe), uze\u0107emo ih u razmatranje.<\/li>\n<\/ul>\n<p>Na\u0161a podr\u0161ka nije samo finansijska, ve\u0107 \u017eelimo da vam pomognemo od samog po\u010detka i formiranja ideje do kraja njene realizacije.<\/p>\n<p><strong>\u0160ta konkurs ne podr\u017eava?<\/strong><\/p>\n<ul>\n<li>projekte pojedinaca, politi\u010dkih partija i javnih institucija;<\/li>\n<li>projekte i aktivnosti sa primarno humanitarnom svrhom;<\/li>\n<li>projekte koji pozivaju na bilo koji oblik nasilja i diskriminacije i promovi\u0161u alkohol, droge ili nezdrav na\u010din \u017eivota;<br \/>\nhonorare;<\/li>\n<li>tro\u0161kove zakupa prostora (osim ako nije za samu aktivnost) i tro\u0161kove funkcionisanja kancelarije;<\/li>\n<li>kupovinu zemlje ili zgrada;<\/li>\n<li>dnevnice<\/li>\n<li>pojedina\u010dna sponzorstva za u\u010de\u0161\u0107e na radionicama, seminiramima, konferencijama, kongresima;<\/li>\n<li>pojedina\u010dne stipendije za studije ili kurseve;<\/li>\n<li>pla\u0107anje usluge prevoza taksi vozilom gde postoji javni gradski prevoz;<\/li>\n<li>kupovinu muzi\u010dke, kompjuterske i druge opreme (ra\u010dunari, fotoaparati, \u0161tampa\u010di, mali elektri\u010dni ure\u0111aji, tastature, memorije i dr);<\/li>\n<li>kupovina alkoholnih i energetskih napitaka, duvanskih proizvoda;<\/li>\n<li>uzimanje u zakup telefonskih brojeva i opreme od drugog lica;<\/li>\n<li>finansiranje sportskih organizacija i nabavka sportskih rekvizita i opreme;<\/li>\n<li>tro\u0161kovi koji nisu u direktnoj vezi sa ciljevima programa<\/li>\n<\/ul>\n<p><strong>Evo kako izgleda kalendar aktivnosti:<\/strong><\/p>\n<ul>\n<li>26. avgust \u2013 Otvaranje prvog konkursa<\/li>\n<li><strong>25. septembar do 23:59 \u010dasova<\/strong> \u2013 rok za predaju ideja putem onlajn platforme <a href=\"http:\/\/www.projekti.mladisuzakon.rs\">www.projekti.mladisuzakon.rs<\/a>; kad ka\u017eemo \u201etvoj\u201c, mislimo na projekat koji je razvila grupa od minimum 3 do 5 mladih ljudi izme\u0111u 15 i 30 godina starosti, me\u0111u kojima se jedan, tj. jedna izdvaja kao zvani\u010dan koordinator\/predstavnik grupe, tj. koordinatorka\/predstavnica grupe (mora biti punoletan\/na); nije neophodno da budete u nekoj organizaciji (onda se zovete \u201eneformalna grupa\u201c), ali mo\u017eete se prijaviti i kao registrovano udru\u017eenje mladih (dokaz da ste udru\u017eenje mladih je Izjava o strukturi Upravnog odbora organizacije koja pokazuje da 2\/3 \u010dlanova UO \u010dine mlade osobe od 15 do 30 godina)<\/li>\n<li>30. septembar \u2013 \u041aomisija odlu\u010duje koje \u0107e ideje podr\u017eati i od tada ste sa dodeljenim mentorima u intenzivnom kontaktu<br \/>\nprisustvo jednog predstavnika va\u0161eg tima na vikend obuci u prvoj polovini oktobra<\/li>\n<li>15. oktobar \u2013 najraniji po\u010detak realizacije va\u0161ih akcija<\/li>\n<li>2 nedelje nakon zavr\u0161ene akcije \u2013 pi\u0161ete izve\u0161taj o tome \u0161ta ste radili, koliko je bilo uspe\u0161no i koliko ste zadovoljni rezultatom<\/li>\n<\/ul>\n<p>NAPOMENA: Zadr\u017eavamo pravo da kompletna sredstva ne dodelimo u prvom krugu konkursa, ukoliko ne dobijemo dovoljan broj kvalitetnih prijava, te \u0107emo u tom slu\u010daju raspisati dodatne krugove konkursa.<\/p>\n<p>I, za kraj, kako da se prijavite:<\/p>\n<p>\u041aorak 1: Formirajte va\u0161 tim i osmislite va\u0161u #\u0160taNamTe\u0161ko ideju<br \/>\n\u041aorak 2: kontaktirajte mentora zadu\u017eenog za va\u0161 okrug da vam pomogne da razradite va\u0161u ideju na najbolji na\u010din; ovaj korak nije obavezan ali vam mo\u017ee zna\u010diti; kontakt mentora, tj. mentorki mo\u017eete na\u0107i u onlajn aplikaciji, izborom va\u0161eg okruga iz padaju\u0107eg menija.<br \/>\n\u041aorak 3: Popunite onlajn prijavu na <a href=\"http:\/\/www.projekti.mladisuzakon.rs\">www.projekti.mladisuzakon.rs<\/a> do 25. septembra 2019. u 23:59 \u010dasova (prijave nakon navedenog datuma\/vremena \u041aomisija ne\u0107e uzeti u obzir).<\/p>\n","protected":false},"excerpt":{"rendered":"<p>Ove jeseni i zime i ti mo\u017ee\u0161 kroz program \u201eMladi su zakon\u201c da se sa svojim drugarima organizuje\u0161 i da uradi\u0161 ne\u0161to korisno u svom mestu \u2013 otvoren je prvi krug konkursa za finansiranje i podr\u0161ku ideja mladih (od 15 do 30 godina) pod nazivom \u201c\u0160ta nam te\u0161ko\u201c, \u041aroz ovaj konkurs \u0107e se do kraja 2019. podr\u017eati 135 omladinskih volonterskih [&hellip;]<\/p>\n","protected":false},"author":1,"featured_media":577,"comment_status":"open","ping_status":"open","sticky":false,"template":"","format":"standard","meta":{"footnotes":""},"categories":[5],"tags":[],"class_list":["post-233","post","type-post","status-publish","format-standard","has-post-thumbnail","hentry","category-vesti-vesti"],"_links":{"self":[{"href":"https:\/\/cegrad.org\/index.php\/wp-json\/wp\/v2\/posts\/233","targetHints":{"allow":["GET"]}}],"collection":[{"href":"https:\/\/cegrad.org\/index.php\/wp-json\/wp\/v2\/posts"}],"about":[{"href":"https:\/\/cegrad.org\/index.php\/wp-json\/wp\/v2\/types\/post"}],"author":[{"embeddable":true,"href":"https:\/\/cegrad.org\/index.php\/wp-json\/wp\/v2\/users\/1"}],"replies":[{"embeddable":true,"href":"https:\/\/cegrad.org\/index.php\/wp-json\/wp\/v2\/comments?post=233"}],"version-history":[{"count":1,"href":"https:\/\/cegrad.org\/index.php\/wp-json\/wp\/v2\/posts\/233\/revisions"}],"predecessor-version":[{"id":644,"href":"https:\/\/cegrad.org\/index.php\/wp-json\/wp\/v2\/posts\/233\/revisions\/644"}],"wp:featuredmedia":[{"embeddable":true,"href":"https:\/\/cegrad.org\/index.php\/wp-json\/wp\/v2\/media\/577"}],"wp:attachment":[{"href":"https:\/\/cegrad.org\/index.php\/wp-json\/wp\/v2\/media?parent=233"}],"wp:term":[{"taxonomy":"category","embeddable":true,"href":"https:\/\/cegrad.org\/index.php\/wp-json\/wp\/v2\/categories?post=233"},{"taxonomy":"post_tag","embeddable":true,"href":"https:\/\/cegrad.org\/index.php\/wp-json\/wp\/v2\/tags?post=233"}],"curies":[{"name":"wp","href":"https:\/\/api.w.org\/{rel}","templated":true}]}}