{"id":232,"date":"2019-08-14T08:31:10","date_gmt":"2019-08-14T08:31:10","guid":{"rendered":"https:\/\/cegrad.org\/index.php\/2019\/08\/14\/potpisan-ugovor-o-sufinansiranju-nacionalnog-programa-volontiranja-mladi-su-zakon-2019\/"},"modified":"2022-06-10T19:29:06","modified_gmt":"2022-06-10T19:29:06","slug":"potpisan-ugovor-o-sufinansiranju-nacionalnog-programa-volontiranja-mladi-su-zakon-2019","status":"publish","type":"post","link":"https:\/\/cegrad.org\/index.php\/2019\/08\/14\/potpisan-ugovor-o-sufinansiranju-nacionalnog-programa-volontiranja-mladi-su-zakon-2019\/","title":{"rendered":"Potpisan ugovor o sufinansiranju Nacionalnog programa volontiranja \u2013 MLADI SU ZAKON 2019"},"content":{"rendered":"<p>Na osnovu rezultata Javnog konkursa za finansiranje i sufinansiranje programa i projekata za sprovo\u0111enje cil\u0458eva Nacionalne strategije za mlade i programa \u201eMladi su zakon\u02ee, danas su na sve\u010danosti u Palati Srbija potpisani ugovori o realizaciji odobrenih projekata.<\/p>\n<p><!--more--><\/p>\n<p>Mladi istra\u017eiva\u010di Srbije, zajedno sa partnerima <a href=\"http:\/\/www.pgv.org.rs\/\" target=\"_blank\" rel=\"noopener\">Pokret gorana Vojvodine<\/a>, <a href=\"http:\/\/www.parlament.org.rs\/\" target=\"_blank\" rel=\"noopener\">Narodni parlament<\/a> i <a href=\"http:\/\/www.cegrad.org\/\" target=\"_blank\" rel=\"noopener\">CEGRAD<\/a> potpisali su ugovor o realizaciji projekta: Nacionalni program volontiranja mladih \u2013 MLADI SU ZAKON 2019<\/p>\n<p>Tokom projekta, \u010dija realizacija simboli\u010dno po\u010dinje potpisivanjem ugovora na dan obele\u017eavanja Me\u0111unarodnog dana mladih (12. avgust) bi\u0107e realizovano 30 me\u0111unarodnih volonterskih kampova, podr\u017eano 135 lokalnih omladinskih volonterskih akcija, odr\u017eane dve velike dvodnevne volonterske akcije koje \u0107e ukl\u0458u\u010diti preko 200 mladih kao i proslava Me\u0111unarodnog dana volontera 05. decembra 2019. godine. U realizaciju aktivnosti projektom \u0107e direktno biti ukl\u0458u\u010deno 1413 volontera i volonterki koji \u0107e zajedni\u010dkim radom lokalnim zajednicama u na\u0161oj zeml\u0458i donirati preko 46.335 volonterskih radnih sati.<\/p>\n<p><img decoding=\"async\" style=\"display: block; margin-left: auto; margin-right: auto;\" src=\"images\/IMG_20190812_123822_Medium.jpg\" alt=\"\" width=\"600\" \/><\/p>\n<p>Prevahodni cil\u0458 projekta je da mladi \u0161irom Srbije prepoznaju potrebe i probleme svoje lokalne zajednice i svojih vr\u0161njaka i da kroz inovativna i ma\u0161tovita re\u0161anja uz finansijsku podr\u0161ku programa MLADI SU ZAKON urade ne\u0161to konkretno i pomognu svojim sugra\u0111anima.<\/p>\n<p>Javni konkurs za prijavl\u0458ivanje kreativnih re\u0161enja i ideja na kom \u0107e mo\u0107i da u\u010destvuju udru\u017eenja mladih i neformalne grupe mladih (15 do 30 godina) bi\u0107e objavl\u0458en u ponedel\u0458ak 19. avgusta. Sve informacije o mogu\u0107nostima ukl\u0458u\u010divanja u program i samom programu zainteresovani mogu da prate na onlajn platformi <a href=\"https:\/\/mladisuzakon.rs\/\" target=\"_blank\" rel=\"noopener\">mladisuzakon.rs<\/a><\/p>\n<p>Na sve\u010danosti u Palati Srbija, u ime Mladih Istra\u017eiva\u010da Srbije i konzorcijuma partnera programa Mladi su zakon 2019 (CEGRAD, Narodni parlament i Pokret gorana Vojvodine) koordinatorka programa Jelena Risti\u0107 Beronja naglasila je:<\/p>\n<blockquote><p>da je ova godina ujedno i 30-godi\u0161njica Volonterskog servisa Srbije i dokaz istrajnosti Mladih istra\u017eiva\u010da Srbije u vrednovanju i podr\u0161ci volonterskog rada za dobrobit zajednica \u0161irom Srbije.<\/p><\/blockquote>\n","protected":false},"excerpt":{"rendered":"<p>Na osnovu rezultata Javnog konkursa za finansiranje i sufinansiranje programa i projekata za sprovo\u0111enje cil\u0458eva Nacionalne strategije za mlade i programa \u201eMladi su zakon\u02ee, danas su na sve\u010danosti u Palati Srbija potpisani ugovori o realizaciji odobrenih projekata.<\/p>\n","protected":false},"author":1,"featured_media":640,"comment_status":"open","ping_status":"open","sticky":false,"template":"","format":"standard","meta":{"footnotes":""},"categories":[5],"tags":[],"class_list":["post-232","post","type-post","status-publish","format-standard","has-post-thumbnail","hentry","category-vesti-vesti"],"_links":{"self":[{"href":"https:\/\/cegrad.org\/index.php\/wp-json\/wp\/v2\/posts\/232","targetHints":{"allow":["GET"]}}],"collection":[{"href":"https:\/\/cegrad.org\/index.php\/wp-json\/wp\/v2\/posts"}],"about":[{"href":"https:\/\/cegrad.org\/index.php\/wp-json\/wp\/v2\/types\/post"}],"author":[{"embeddable":true,"href":"https:\/\/cegrad.org\/index.php\/wp-json\/wp\/v2\/users\/1"}],"replies":[{"embeddable":true,"href":"https:\/\/cegrad.org\/index.php\/wp-json\/wp\/v2\/comments?post=232"}],"version-history":[{"count":1,"href":"https:\/\/cegrad.org\/index.php\/wp-json\/wp\/v2\/posts\/232\/revisions"}],"predecessor-version":[{"id":641,"href":"https:\/\/cegrad.org\/index.php\/wp-json\/wp\/v2\/posts\/232\/revisions\/641"}],"wp:featuredmedia":[{"embeddable":true,"href":"https:\/\/cegrad.org\/index.php\/wp-json\/wp\/v2\/media\/640"}],"wp:attachment":[{"href":"https:\/\/cegrad.org\/index.php\/wp-json\/wp\/v2\/media?parent=232"}],"wp:term":[{"taxonomy":"category","embeddable":true,"href":"https:\/\/cegrad.org\/index.php\/wp-json\/wp\/v2\/categories?post=232"},{"taxonomy":"post_tag","embeddable":true,"href":"https:\/\/cegrad.org\/index.php\/wp-json\/wp\/v2\/tags?post=232"}],"curies":[{"name":"wp","href":"https:\/\/api.w.org\/{rel}","templated":true}]}}