{"id":231,"date":"2019-05-06T09:25:44","date_gmt":"2019-05-06T09:25:44","guid":{"rendered":"https:\/\/cegrad.org\/index.php\/2019\/05\/06\/izlozba-heroine-velikog-rata-u-elektrotehnickoj-skoli-rade-koncar\/"},"modified":"2022-06-10T19:30:11","modified_gmt":"2022-06-10T19:30:11","slug":"izlozba-heroine-velikog-rata-u-elektrotehnickoj-skoli-rade-koncar","status":"publish","type":"post","link":"https:\/\/cegrad.org\/index.php\/2019\/05\/06\/izlozba-heroine-velikog-rata-u-elektrotehnickoj-skoli-rade-koncar\/","title":{"rendered":"Izlo\u017eba &#8222;Heroine Velikog rata&#8220; u Elektrotehni\u010dkoj \u0161koli &#8222;Rade Kon\u010dar&#8220;"},"content":{"rendered":"<p>U\u010denici prvog razreda Elektrotehni\u010dke \u0161kole &#8222;Rade Kon\u010dar&#8220;, \u010dlanovi istorijske sekcije, dobili su podr\u0161ku Ministarstva omladine i sporta, kroz program &#8222;Mladi su zakon&#8220;, preko Resurs centra Centar za gra\u0111ansko delovanje, za realizaciju projekta &#8222;\u017dene u I svetskom ratu&#8220;.<\/p>\n<p><!--more--><\/p>\n<p>Oni su sa profesorkom Zoranom Mastin\u0161ek krajem aprila u \u0161kolskoj galeriji predstavili izlo\u017ebu &#8222;Heroine Velikog rata&#8220;. Izlo\u017ebu su organizovali u saradnji sa Udru\u017eenjem ratnih dobrovoljaca 1912-1918. Postavku od pedesetak panoa \u010dine osmi\u0161ljene celine fotografija i dokumenata iz Prvog svetskog rata, a \u0111aci i posetioci mo\u0107i \u0107e da je vide narednih nekoliko nedelja. Predvi\u0111eno je da izlo\u017eba gostuje i u drugim \u0161kolama i ustanovama kulture.<\/p>\n<p><img decoding=\"async\" src=\"images\/thumbnail.jpg\" alt=\"thumbnail\" \/><\/p>\n","protected":false},"excerpt":{"rendered":"<p>U\u010denici prvog razreda Elektrotehni\u010dke \u0161kole &#8222;Rade Kon\u010dar&#8220;, \u010dlanovi istorijske sekcije, dobili su podr\u0161ku Ministarstva omladine i sporta, kroz program &#8222;Mladi su zakon&#8220;, preko Resurs centra Centar za gra\u0111ansko delovanje, za realizaciju projekta &#8222;\u017dene u I svetskom ratu&#8220;.<\/p>\n","protected":false},"author":1,"featured_media":643,"comment_status":"open","ping_status":"open","sticky":false,"template":"","format":"standard","meta":{"footnotes":""},"categories":[5],"tags":[],"class_list":["post-231","post","type-post","status-publish","format-standard","has-post-thumbnail","hentry","category-vesti-vesti"],"_links":{"self":[{"href":"https:\/\/cegrad.org\/index.php\/wp-json\/wp\/v2\/posts\/231","targetHints":{"allow":["GET"]}}],"collection":[{"href":"https:\/\/cegrad.org\/index.php\/wp-json\/wp\/v2\/posts"}],"about":[{"href":"https:\/\/cegrad.org\/index.php\/wp-json\/wp\/v2\/types\/post"}],"author":[{"embeddable":true,"href":"https:\/\/cegrad.org\/index.php\/wp-json\/wp\/v2\/users\/1"}],"replies":[{"embeddable":true,"href":"https:\/\/cegrad.org\/index.php\/wp-json\/wp\/v2\/comments?post=231"}],"version-history":[{"count":2,"href":"https:\/\/cegrad.org\/index.php\/wp-json\/wp\/v2\/posts\/231\/revisions"}],"predecessor-version":[{"id":645,"href":"https:\/\/cegrad.org\/index.php\/wp-json\/wp\/v2\/posts\/231\/revisions\/645"}],"wp:featuredmedia":[{"embeddable":true,"href":"https:\/\/cegrad.org\/index.php\/wp-json\/wp\/v2\/media\/643"}],"wp:attachment":[{"href":"https:\/\/cegrad.org\/index.php\/wp-json\/wp\/v2\/media?parent=231"}],"wp:term":[{"taxonomy":"category","embeddable":true,"href":"https:\/\/cegrad.org\/index.php\/wp-json\/wp\/v2\/categories?post=231"},{"taxonomy":"post_tag","embeddable":true,"href":"https:\/\/cegrad.org\/index.php\/wp-json\/wp\/v2\/tags?post=231"}],"curies":[{"name":"wp","href":"https:\/\/api.w.org\/{rel}","templated":true}]}}