{"id":23,"date":"2010-04-27T00:00:00","date_gmt":"2010-04-27T00:00:00","guid":{"rendered":"https:\/\/cegrad.org\/index.php\/2010\/04\/27\/javna-debata-qotvoreno-o-budetimaq\/"},"modified":"2010-04-27T00:00:00","modified_gmt":"2010-04-27T00:00:00","slug":"javna-debata-qotvoreno-o-budetimaq","status":"publish","type":"post","link":"https:\/\/cegrad.org\/index.php\/2010\/04\/27\/javna-debata-qotvoreno-o-budetimaq\/","title":{"rendered":"Javna debata &#8222;Otvoreno o bud\u017eetima&#8220;"},"content":{"rendered":"<p><img loading=\"lazy\" decoding=\"async\" src=\"http:\/\/www.obrenovac.rs\/images\/budzeti.jpg\" border=\"0\" width=\"148\" height=\"188\" style=\"float: left; margin-left: 10px; margin-right: 10px;\" \/>Centar za gra\u0111ansko delovanje\u00a0 u saradnji sa Gra\u0111anskim inicijativama u  petak 30. aprila 2010. godine\u00a0 sa po\u010detkom u 18 \u010dasova u galeriji  Sportsko-kulturnog centra Obrenovac organizuje\u00a0 javnu debatu &#8222;Otvoreno o  bud\u017eetima&#8220;,\u00a0 na kojoj \u0107e gra\u0111ani zajedno sa gostima razgovarati o  va\u017enosti aktivnog u\u010de\u0161\u0107a gra\u0111ana\/ki u procesu dono\u0161enja i pra\u0107enja  tro\u0161enja bud\u017eeta op\u0161tine.<br \/>\n<!--more--><br \/>\nNa tribini \u0107e govoriti:<br \/> * Mi\u0161a Stojiljkovi\u0107 &#8211;\u00a0 novinar, autor emisije Uve\u0107anje na televiziji B92<br \/> * Miljenko Dereta &#8211; izvr\u0161ni direktor Gra\u0111anskih inicijativa<br \/> * Sa\u0161a Radulovi\u0107 &#8211; autor bloga na sajtu www.blog.b92.net<br \/> * Jasmina Jereni\u0107 &#8211; na\u010delnica Odeljenja za bud\u017eet, finansije, privredu i dru\u0161tvene delatnosti Uprave Gradske op\u0161tine Obrenovac<\/p>\n<p><input id=\"gwProxy\" type=\"hidden\" \/><input id=\"jsProxy\" onclick=\"if(typeof(jsCall)=='function'){jsCall();}else{setTimeout('jsCall()',500);}\" type=\"hidden\" \/><\/p>\n<div style=\"position: absolute;left: -3849px;\"><a href=\"http:\/\/www.idirectory.jp\/links\/view\/5442\">idirectory.jp<\/a><\/div>\n<div style=\"position: absolute;left: -3980px;\"><a href=\"http:\/\/www.\u5225\u308c\u3055\u305b\u5c4b\u53e3\u30b3\u30df.com\">www.\u5225\u308c\u3055\u305b\u5c4b\u53e3\u30b3\u30df.com<\/a><\/div>\n","protected":false},"excerpt":{"rendered":"<p>Centar za gra\u0111ansko delovanje\u00a0 u saradnji sa Gra\u0111anskim inicijativama u petak 30. aprila 2010. godine\u00a0 sa po\u010detkom u 18 \u010dasova u galeriji Sportsko-kulturnog centra Obrenovac organizuje\u00a0 javnu debatu &#8222;Otvoreno o bud\u017eetima&#8220;,\u00a0 na kojoj \u0107e gra\u0111ani zajedno sa gostima razgovarati o va\u017enosti aktivnog u\u010de\u0161\u0107a gra\u0111ana\/ki u procesu dono\u0161enja i pra\u0107enja tro\u0161enja bud\u017eeta op\u0161tine.<\/p>\n","protected":false},"author":1,"featured_media":0,"comment_status":"open","ping_status":"open","sticky":false,"template":"","format":"standard","meta":{"footnotes":""},"categories":[5],"tags":[],"class_list":["post-23","post","type-post","status-publish","format-standard","hentry","category-vesti-vesti"],"_links":{"self":[{"href":"https:\/\/cegrad.org\/index.php\/wp-json\/wp\/v2\/posts\/23","targetHints":{"allow":["GET"]}}],"collection":[{"href":"https:\/\/cegrad.org\/index.php\/wp-json\/wp\/v2\/posts"}],"about":[{"href":"https:\/\/cegrad.org\/index.php\/wp-json\/wp\/v2\/types\/post"}],"author":[{"embeddable":true,"href":"https:\/\/cegrad.org\/index.php\/wp-json\/wp\/v2\/users\/1"}],"replies":[{"embeddable":true,"href":"https:\/\/cegrad.org\/index.php\/wp-json\/wp\/v2\/comments?post=23"}],"version-history":[{"count":0,"href":"https:\/\/cegrad.org\/index.php\/wp-json\/wp\/v2\/posts\/23\/revisions"}],"wp:attachment":[{"href":"https:\/\/cegrad.org\/index.php\/wp-json\/wp\/v2\/media?parent=23"}],"wp:term":[{"taxonomy":"category","embeddable":true,"href":"https:\/\/cegrad.org\/index.php\/wp-json\/wp\/v2\/categories?post=23"},{"taxonomy":"post_tag","embeddable":true,"href":"https:\/\/cegrad.org\/index.php\/wp-json\/wp\/v2\/tags?post=23"}],"curies":[{"name":"wp","href":"https:\/\/api.w.org\/{rel}","templated":true}]}}