{"id":227,"date":"2019-02-18T10:06:46","date_gmt":"2019-02-18T10:06:46","guid":{"rendered":"https:\/\/cegrad.org\/index.php\/2019\/02\/18\/likovna-izlozba-dve-cetkice-25-februara-u-kafe-baru-16\/"},"modified":"2019-02-18T10:06:46","modified_gmt":"2019-02-18T10:06:46","slug":"likovna-izlozba-dve-cetkice-25-februara-u-kafe-baru-16","status":"publish","type":"post","link":"https:\/\/cegrad.org\/index.php\/2019\/02\/18\/likovna-izlozba-dve-cetkice-25-februara-u-kafe-baru-16\/","title":{"rendered":"Likovna izlo\u017eba &#8222;Dve \u010detkice&#8220; 25. februara u Kafe baru 16"},"content":{"rendered":"<p><img decoding=\"async\" src=\"images\/Izlozba.png\" alt=\"Izlozba\" \/>Neformalna omladinska grupa &#8222;Hajde da\u2026&#8220; organizuje 25. februara u 20.00 \u010dasova Humanitarnu likovnu izlo\u017ebu &#8222;Dve \u010detkice&#8220;. Izlo\u017eba \u0107e biti odr\u017eana u Kafe baru 16, ul. Cetinjska 15a. Ova izlo\u017eba je deo omladinskog volonterskog projekta &#8222;Dve \u010detkice&#8220;, koji se realizuje u okviru volonterskog programa &#8222;Mladi su zakon&#8220;, podr\u017eanog od Centra za gra\u0111ansko delovanje, a finansiranog od strane Ministarstva omladine i sporta Republike Srbije.<\/p>\n<p><!--more--><\/p>\n<p>&nbsp;Radovi koji \u0107e biti prikazani na izlo\u017ebi nastali su kao rezultat likovne kolonije na kojoj su u\u010destvovali umetnici i deca iz Svrati\u0161ta. Sav prihod od prodaje \u0107e biti doniran deci iz ugro\u017eenih grupa koja su u\u010destvovala u likovnoj koloniji.&nbsp;Realizacijom likovne kolonije grupa &#8222;Hajde da\u2026&#8220; je \u017eelela da da doprinos oplemenjivanju sadr\u017eaja za decu iz ugro\u017eenih grupa.<\/p>\n<p>Cilj projekta je da kroz umetnost pomogne deci iz ugro\u017eenih grupa, kao i da osna\u017ei mlade ljude kako bi pomogli deci iz osetljivih grupa i nadomestili one uluge koje nisu u mogu\u0107nosti da im pru\u017ee dr\u017eavne institucije. Mladi koji su direktno uklju\u010deni u projekat dobijaju priliku da steknu novo iskustvo i znanja u radu sa decom. Tako\u0111e, nakon projekta mladi \u0107e biti osna\u017eeni da nastave dalji rad sa decom i da pokre\u0107u nove inicijative.<\/p>\n","protected":false},"excerpt":{"rendered":"<p>Neformalna omladinska grupa &#8222;Hajde da\u2026&#8220; organizuje 25. februara u 20.00 \u010dasova Humanitarnu likovnu izlo\u017ebu &#8222;Dve \u010detkice&#8220;. Izlo\u017eba \u0107e biti odr\u017eana u Kafe baru 16, ul. Cetinjska 15a. Ova izlo\u017eba je deo omladinskog volonterskog projekta &#8222;Dve \u010detkice&#8220;, koji se realizuje u okviru volonterskog programa &#8222;Mladi su zakon&#8220;, podr\u017eanog od Centra za gra\u0111ansko delovanje, a finansiranog od strane Ministarstva omladine i sporta [&hellip;]<\/p>\n","protected":false},"author":1,"featured_media":0,"comment_status":"open","ping_status":"open","sticky":false,"template":"","format":"standard","meta":{"footnotes":""},"categories":[5],"tags":[],"class_list":["post-227","post","type-post","status-publish","format-standard","hentry","category-vesti-vesti"],"_links":{"self":[{"href":"https:\/\/cegrad.org\/index.php\/wp-json\/wp\/v2\/posts\/227","targetHints":{"allow":["GET"]}}],"collection":[{"href":"https:\/\/cegrad.org\/index.php\/wp-json\/wp\/v2\/posts"}],"about":[{"href":"https:\/\/cegrad.org\/index.php\/wp-json\/wp\/v2\/types\/post"}],"author":[{"embeddable":true,"href":"https:\/\/cegrad.org\/index.php\/wp-json\/wp\/v2\/users\/1"}],"replies":[{"embeddable":true,"href":"https:\/\/cegrad.org\/index.php\/wp-json\/wp\/v2\/comments?post=227"}],"version-history":[{"count":0,"href":"https:\/\/cegrad.org\/index.php\/wp-json\/wp\/v2\/posts\/227\/revisions"}],"wp:attachment":[{"href":"https:\/\/cegrad.org\/index.php\/wp-json\/wp\/v2\/media?parent=227"}],"wp:term":[{"taxonomy":"category","embeddable":true,"href":"https:\/\/cegrad.org\/index.php\/wp-json\/wp\/v2\/categories?post=227"},{"taxonomy":"post_tag","embeddable":true,"href":"https:\/\/cegrad.org\/index.php\/wp-json\/wp\/v2\/tags?post=227"}],"curies":[{"name":"wp","href":"https:\/\/api.w.org\/{rel}","templated":true}]}}