{"id":226,"date":"2019-02-13T09:19:17","date_gmt":"2019-02-13T09:19:17","guid":{"rendered":"https:\/\/cegrad.org\/index.php\/2019\/02\/13\/nastavak-aktivnosti-na-projektu-aktiviraj-se-pomozi-prirodi\/"},"modified":"2019-02-13T09:19:17","modified_gmt":"2019-02-13T09:19:17","slug":"nastavak-aktivnosti-na-projektu-aktiviraj-se-pomozi-prirodi","status":"publish","type":"post","link":"https:\/\/cegrad.org\/index.php\/2019\/02\/13\/nastavak-aktivnosti-na-projektu-aktiviraj-se-pomozi-prirodi\/","title":{"rendered":"Nastavak aktivnosti na projektu \u201cAktiviraj se \u2013 pomozi prirodi\u201d"},"content":{"rendered":"<div><img decoding=\"async\" src=\"images\/20181016_143826.jpg\" alt=\"20181016 143826\" \/><\/p>\n<p>Ekolo\u0161ka sekcija T\u0160 \u201cSava Mun\u0107an\u201d iz Bele Crkve dobila je podr\u0161ku Ministarstva omladine i sporta, kroz program &#8222;Mladi su zakon&#8220;, preko Resurs centra Centar za gra\u0111ansko delovanje, za realizaciju projekta \u201cAktiviraj se \u2013 pomozi prirodi\u201d.<br \/>\n<!--more-->\n<\/div>\n<div>\n<p>\u010clanovi Ekolo\u0161ke sekcije ove \u0161kole odr\u017eali su edukaciju za vr\u0161nja\u010dke edukatore na temu za\u0161tite \u017eivotne sredine, sa fokusom na odlaganje i selektovanje otpada.<\/p>\n<p>Vr\u0161nja\u010dki edukatori su 29. januara i 5. februara posetili pred\u0161kolsku ustanovu i osnovne \u0161kole u Beloj Crkvi, gde su ste\u010deno znanje preneli deci, a u\u010destvovali su s njima i u re\u0161avanju identifikovanih ekolo\u0161kkih problema.&nbsp;<\/p>\n<p><img decoding=\"async\" src=\"images\/20181002_102424.jpg\" alt=\"20181002 102424\" \/><\/p>\n<p>Projektom je predvi\u0111eno i postavljanje kanti za selektovanje otpada u Pred\u0161kolskoj ustanovi \u201cAn\u0111elka \u0110uri\u0107\u201d i osnovnim \u0161kolama \u201cDositej Obradovi\u0107\u201d i \u201c\u017darko Zrenjanin\u201d, uz podr\u0161ku JKP \u201cBelocrkvanski komunalac\u201d.<\/p>\n<p><img decoding=\"async\" src=\"images\/IMG-e9bc951da8462faf1a4df301794ea0dc-V.jpg\" alt=\"IMG e9bc951da8462faf1a4df301794ea0dc V\" \/><\/p>\n<\/div>\n","protected":false},"excerpt":{"rendered":"<p>Ekolo\u0161ka sekcija T\u0160 \u201cSava Mun\u0107an\u201d iz Bele Crkve dobila je podr\u0161ku Ministarstva omladine i sporta, kroz program &#8222;Mladi su zakon&#8220;, preko Resurs centra Centar za gra\u0111ansko delovanje, za realizaciju projekta \u201cAktiviraj se \u2013 pomozi prirodi\u201d.<\/p>\n","protected":false},"author":1,"featured_media":0,"comment_status":"open","ping_status":"open","sticky":false,"template":"","format":"standard","meta":{"footnotes":""},"categories":[4],"tags":[],"class_list":["post-226","post","type-post","status-publish","format-standard","hentry","category-vesti"],"_links":{"self":[{"href":"https:\/\/cegrad.org\/index.php\/wp-json\/wp\/v2\/posts\/226","targetHints":{"allow":["GET"]}}],"collection":[{"href":"https:\/\/cegrad.org\/index.php\/wp-json\/wp\/v2\/posts"}],"about":[{"href":"https:\/\/cegrad.org\/index.php\/wp-json\/wp\/v2\/types\/post"}],"author":[{"embeddable":true,"href":"https:\/\/cegrad.org\/index.php\/wp-json\/wp\/v2\/users\/1"}],"replies":[{"embeddable":true,"href":"https:\/\/cegrad.org\/index.php\/wp-json\/wp\/v2\/comments?post=226"}],"version-history":[{"count":0,"href":"https:\/\/cegrad.org\/index.php\/wp-json\/wp\/v2\/posts\/226\/revisions"}],"wp:attachment":[{"href":"https:\/\/cegrad.org\/index.php\/wp-json\/wp\/v2\/media?parent=226"}],"wp:term":[{"taxonomy":"category","embeddable":true,"href":"https:\/\/cegrad.org\/index.php\/wp-json\/wp\/v2\/categories?post=226"},{"taxonomy":"post_tag","embeddable":true,"href":"https:\/\/cegrad.org\/index.php\/wp-json\/wp\/v2\/tags?post=226"}],"curies":[{"name":"wp","href":"https:\/\/api.w.org\/{rel}","templated":true}]}}