{"id":225,"date":"2019-02-04T12:38:51","date_gmt":"2019-02-04T12:38:51","guid":{"rendered":"https:\/\/cegrad.org\/index.php\/2019\/02\/04\/likovna-kolonija-dve-cetkice-23-i-24-februara\/"},"modified":"2019-02-04T12:38:51","modified_gmt":"2019-02-04T12:38:51","slug":"likovna-kolonija-dve-cetkice-23-i-24-februara","status":"publish","type":"post","link":"https:\/\/cegrad.org\/index.php\/2019\/02\/04\/likovna-kolonija-dve-cetkice-23-i-24-februara\/","title":{"rendered":"Likovna kolonija &#8222;Dve \u010detkice&#8220; 23. i 24. februara"},"content":{"rendered":"<p><img decoding=\"async\" src=\"images\/thumbnail.png\" alt=\"thumbnail\" style=\"display: block; margin-left: auto; margin-right: auto;\" \/><br \/>Neformalna omladinska grupa &#8222;Hajde da\u2026&#8220; organizuje 23. i 24. februara likovnu koloniju &#8222;Dve \u010detkice&#8220;. Kolonija \u0107e se odr\u017eati u Ku\u0107i ljudskih prava i demokratije, ul. Kneza Milo\u0161a br.4, od 11 do 17 \u010dasova. Koloniji \u0107e prisustvovati minimum deset umetnika i desetoro dece iz Svrati\u0161ta. Realizacijom likovne kolonije ova neformalna grupa \u017eeli da da doprinos oplemenjivanju sadr\u017eaja za decu iz ugro\u017eenih grupa.<\/p>\n<p><!--more--><\/p>\n<p>Likovna kolonija je deo omladinskog volonterskog projekta &#8222;Dve \u010detkice&#8220; koji realizuje neformalna omladinska grupa &#8222;Hajde da\u2026&#8220; u okviru volonterskog programa &#8222;Mladi su zakon&#8220;, podr\u017eanog od Centra za gra\u0111ansko delovanje, a finansiranog od strane Ministarstva omladine i sporta Republike Srbije.<\/p>\n<p>Cilj projekta je da kroz umetnost pomogne deci iz ugro\u017eenih grupa. U\u010desnici kolonije \u0107e zajedno tokom likovne kolonije razli\u010ditim tehnikama slikanja, crtanja i vajanja stvoriti mala umetni\u010dka dela. Tokom rada mladi umetnici \u0107e imati priliku da upoznaju de\u010diji svet, njihov svakodnevni \u017eivot i probleme, te da na osnovu toga dobiju inspiraciju za svoja dela. Tako\u0111e, deca \u0107e imati priliku da na trenutak iza\u0111u iz svog svakodnevnog \u017eivota, upoznaju umetnost i vide kako je to biti umetnik.<\/p>\n<p>Kao rezultat kolonije o\u010dekuje se nastanak minimum 15 radova, koji \u0107e biti izlo\u017eeni na humanitarnoj likovnoj izlo\u017ebi. Sav prihod od prodaje \u0107e biti doniran deci iz ugro\u017eenih grupa koja su u\u010destvovala u likovnoj koloniji.<\/p>\n<p>Broj u\u010desnika na koloniji je ograni\u010den, a prijave za u\u010de\u0161\u0107e se vr\u0161i popunjavanjem <strong><a href=\"https:\/\/docs.google.com\/forms\/d\/e\/1FAIpQLSfdPWBaIoIGlQ5AilKNRS-qdKrALN1aPmTjiDYOLQGqn_vURg\/viewform?vc=0&amp;c=0&amp;w=1\">upitnika.<\/a><\/strong><\/p>\n<p>Sav materijal za rad, hrana i osve\u017eenje su obezbe\u0111eni za sve u\u010desnike. Nakon zavr\u0161ene likovne kolonije u\u010desnici \u0107e dobiti potvrdu o u\u010de\u0161\u0107u.<\/p>\n<p>Projekat &#8222;Dve \u010detkice&#8220; te\u017ei da osna\u017ei mlade ljude kako bi pomogli deci iz osetljivih grupa i nadomestili one uluge koje nisu u mogu\u0107nosti da im pru\u017ee dr\u017eavne institucije. Mladi koji su direktno uklju\u010deni u projekat dobijaju priliku da steknu novo iskustvo i znanja u radu sa decom. Tako\u0111e, nakon projekta mladi \u0107e biti osna\u017eeni da nastave dalji rad sa decom i da pokre\u0107u nove inicijative.<\/p>\n<p>&nbsp;<\/p>\n","protected":false},"excerpt":{"rendered":"<p>Neformalna omladinska grupa &#8222;Hajde da\u2026&#8220; organizuje 23. i 24. februara likovnu koloniju &#8222;Dve \u010detkice&#8220;. Kolonija \u0107e se odr\u017eati u Ku\u0107i ljudskih prava i demokratije, ul. Kneza Milo\u0161a br.4, od 11 do 17 \u010dasova. Koloniji \u0107e prisustvovati minimum deset umetnika i desetoro dece iz Svrati\u0161ta. Realizacijom likovne kolonije ova neformalna grupa \u017eeli da da doprinos oplemenjivanju sadr\u017eaja za decu iz ugro\u017eenih [&hellip;]<\/p>\n","protected":false},"author":1,"featured_media":0,"comment_status":"open","ping_status":"open","sticky":false,"template":"","format":"standard","meta":{"footnotes":""},"categories":[5],"tags":[],"class_list":["post-225","post","type-post","status-publish","format-standard","hentry","category-vesti-vesti"],"_links":{"self":[{"href":"https:\/\/cegrad.org\/index.php\/wp-json\/wp\/v2\/posts\/225","targetHints":{"allow":["GET"]}}],"collection":[{"href":"https:\/\/cegrad.org\/index.php\/wp-json\/wp\/v2\/posts"}],"about":[{"href":"https:\/\/cegrad.org\/index.php\/wp-json\/wp\/v2\/types\/post"}],"author":[{"embeddable":true,"href":"https:\/\/cegrad.org\/index.php\/wp-json\/wp\/v2\/users\/1"}],"replies":[{"embeddable":true,"href":"https:\/\/cegrad.org\/index.php\/wp-json\/wp\/v2\/comments?post=225"}],"version-history":[{"count":0,"href":"https:\/\/cegrad.org\/index.php\/wp-json\/wp\/v2\/posts\/225\/revisions"}],"wp:attachment":[{"href":"https:\/\/cegrad.org\/index.php\/wp-json\/wp\/v2\/media?parent=225"}],"wp:term":[{"taxonomy":"category","embeddable":true,"href":"https:\/\/cegrad.org\/index.php\/wp-json\/wp\/v2\/categories?post=225"},{"taxonomy":"post_tag","embeddable":true,"href":"https:\/\/cegrad.org\/index.php\/wp-json\/wp\/v2\/tags?post=225"}],"curies":[{"name":"wp","href":"https:\/\/api.w.org\/{rel}","templated":true}]}}