{"id":221,"date":"2019-01-10T10:56:21","date_gmt":"2019-01-10T10:56:21","guid":{"rendered":"https:\/\/cegrad.org\/index.php\/2019\/01\/10\/raspisuje-se-nagradni-likovni-konkurs-solidarnost-na-delu-u-okviru-projekta-humanitarna-likovna-kolonija-dve-cetkice\/"},"modified":"2019-01-10T10:56:21","modified_gmt":"2019-01-10T10:56:21","slug":"raspisuje-se-nagradni-likovni-konkurs-solidarnost-na-delu-u-okviru-projekta-humanitarna-likovna-kolonija-dve-cetkice","status":"publish","type":"post","link":"https:\/\/cegrad.org\/index.php\/2019\/01\/10\/raspisuje-se-nagradni-likovni-konkurs-solidarnost-na-delu-u-okviru-projekta-humanitarna-likovna-kolonija-dve-cetkice\/","title":{"rendered":"Raspisuje se nagradni likovni konkurs &#8222;SOLIDARNOST NA DELU\u2026&#8220; u okviru projekta &#8222;Humanitarna likovna kolonija &#8211; Dve \u010detkice&#8220;"},"content":{"rendered":"<p><img decoding=\"async\" src=\"images\/dve_cetkice1.jpg\" alt=\"dve cetkice1\" \/>Neformalna omladinska grupa &#8222;Hajde da\u2026&#8220; iz Beograda dobila je podr\u0161ku Ministarstva omladine i sporta, kroz program &#8222;Mladi su zakon&#8220;, preko Resurs centra Centar za gra\u0111ansko delovanje, za realizaciju projekta &#8222;Humanitarna likovna kolonija \u2013 Dve \u010detkice&#8220;.<\/p>\n<p><!--more--><\/p>\n<p>Ova neformalna grupa, u okviru odobrenog projekta, raspisuje nagradni likovni konkurs za srednjo\u0161koce &#8222;Solidarnost na delu\u2026&#8220;.<\/p>\n<p><strong>Trajanje konkursa<\/strong>: od 12. januara do 20. februara 2019. godine.<\/p>\n<p>Cilj likovnog konkursa je da podstakne mlade na kreativno izra\u017eavanje i promi\u0161ljanje o solidarnosti kao vrednosti u dru\u0161tvu. \u017delimo da vidimo \u0161ta za srednjo\u0161kolce zna\u010di solidarnost? Na koji na\u010din oni posmatraju odnose pojedinaca i grupa u njihovoj zajednici, te kako gledaju na reagovanje zajednice u kriznim situacija?<br \/>Pozivamo srdednjo\u0161kolce da bez ikakvih ograni\u010denja odgovore na ovu temu!<\/p>\n<p><strong>Propozicije konkursa<\/strong>:<br \/>1. Na konkursu mogu da u\u010destvuju isklju\u010divo u\u010denici srednjih \u0161kola sa teritorije Grada Beograda.<br \/>2. Radovi treba da budu ura\u0111eni na papiru do veli\u010dine bloka br. 5.<br \/>3. Sve tehnike izrade radova su dozvoljene.<br \/>4. Broj radova koje jedan u\u010denik mo\u017ee da dostavi nije ograni\u010den.<br \/>5. Na svaki dostavljeni rad na pole\u0111ini obavezno napisati podatke: ime i prezime autora, razred i odeljenje, naziv \u0161kole, adresu, telefon, e-mail \u0161kole i ime i prezime likovnog pedagoga.<br \/>6. Dostavljeni radovi se ne vra\u0107aju.<br \/>7. Neformalna omladinska grupa &#8222;Hajde da\u2026&#8220; preuzima sva autorska prava na svim prispelim radovima i mo\u017ee ih koristiti u okviru realizacije konkursa \u2013 plakat, katalog, itd.<br \/>8. Radovi pristigli nakon 20. februara ne\u0107e biti uzeti u razmatranje.<br \/>9. Radove dostaviti na adresu: Grupa &#8222;Hajde da\u2026&#8220;, Ul. Kneza Danila 12, 9. sprat, stan 74, 11000 Beograd. Sa naznakom ZA LIKOVNI KONKURS.<\/p>\n<p><strong>Rezultati likovnog konkursa<\/strong>:<br \/>\u017diri likovnog konkursa pregleda\u0107e sve prispele radove i odabrati najbolje. Samo autori najboljih radova bi\u0107e blagovremeno obave\u0161teni telefonom.<br \/>Za pobednike likovnog konkursa obezbe\u0111eni su sertifikati i prigodne nagrade.<\/p>\n<p><strong>Kontakt za dodatne informacije:&nbsp;<\/strong>Sla\u0111ana Vlatkovi\u0107, <a href=\"mailto:sladjanavlatkovic@gmail.com\">sladjanavlatkovic@gmail.com<\/a>, 0613053559.&nbsp;<\/p>\n<p>&nbsp;<\/p>\n","protected":false},"excerpt":{"rendered":"<p>Neformalna omladinska grupa &#8222;Hajde da\u2026&#8220; iz Beograda dobila je podr\u0161ku Ministarstva omladine i sporta, kroz program &#8222;Mladi su zakon&#8220;, preko Resurs centra Centar za gra\u0111ansko delovanje, za realizaciju projekta &#8222;Humanitarna likovna kolonija \u2013 Dve \u010detkice&#8220;.<\/p>\n","protected":false},"author":1,"featured_media":0,"comment_status":"open","ping_status":"open","sticky":false,"template":"","format":"standard","meta":{"footnotes":""},"categories":[5],"tags":[],"class_list":["post-221","post","type-post","status-publish","format-standard","hentry","category-vesti-vesti"],"_links":{"self":[{"href":"https:\/\/cegrad.org\/index.php\/wp-json\/wp\/v2\/posts\/221","targetHints":{"allow":["GET"]}}],"collection":[{"href":"https:\/\/cegrad.org\/index.php\/wp-json\/wp\/v2\/posts"}],"about":[{"href":"https:\/\/cegrad.org\/index.php\/wp-json\/wp\/v2\/types\/post"}],"author":[{"embeddable":true,"href":"https:\/\/cegrad.org\/index.php\/wp-json\/wp\/v2\/users\/1"}],"replies":[{"embeddable":true,"href":"https:\/\/cegrad.org\/index.php\/wp-json\/wp\/v2\/comments?post=221"}],"version-history":[{"count":0,"href":"https:\/\/cegrad.org\/index.php\/wp-json\/wp\/v2\/posts\/221\/revisions"}],"wp:attachment":[{"href":"https:\/\/cegrad.org\/index.php\/wp-json\/wp\/v2\/media?parent=221"}],"wp:term":[{"taxonomy":"category","embeddable":true,"href":"https:\/\/cegrad.org\/index.php\/wp-json\/wp\/v2\/categories?post=221"},{"taxonomy":"post_tag","embeddable":true,"href":"https:\/\/cegrad.org\/index.php\/wp-json\/wp\/v2\/tags?post=221"}],"curies":[{"name":"wp","href":"https:\/\/api.w.org\/{rel}","templated":true}]}}