{"id":220,"date":"2018-12-18T12:50:15","date_gmt":"2018-12-18T12:50:15","guid":{"rendered":"https:\/\/cegrad.org\/index.php\/2018\/12\/18\/pocela-realizacija-projekta-rak-sta-posle-udruzenja-cika-boca\/"},"modified":"2018-12-18T12:50:15","modified_gmt":"2018-12-18T12:50:15","slug":"pocela-realizacija-projekta-rak-sta-posle-udruzenja-cika-boca","status":"publish","type":"post","link":"https:\/\/cegrad.org\/index.php\/2018\/12\/18\/pocela-realizacija-projekta-rak-sta-posle-udruzenja-cika-boca\/","title":{"rendered":"Po\u010dela realizacija projekta \u201cRak-\u0161ta posle?\u201d udru\u017eenja \u201c\u010cika Boca\u201d"},"content":{"rendered":"<p><img decoding=\"async\" src=\"images\/rakstaposle_35.jpg\" alt=\"rakstaposle 35\" \/>\u010cika Boca&amp;MladiCe su, u okviru projekta \u201cRak-\u0161ta posle?\u201d, uz podr\u0161ku Ministarstva omladine i sporta, programa \u201cMladi su zakon\u201d i resurs centra Centar za gra\u0111ansko delovanje, 15. i 16. decembra odr\u017eali edukaciju za MladiCe (mlade le\u010dene od raka u detinjstvu) u prostorijama udru\u017eenja \u201c\u010cika Boca\u201d.<\/p>\n<p><!--more--><\/p>\n<p>Cilj projekta \u201cRak-\u0161ta posle?\u201d je da se uve\u0107a nivo znanja i ve\u0161tina za aktivnije delovanje u mati\u010dnim sredinama na temu raka kod dece i mladih. Prva faza projekta usmerena je na mlade volontere, ja\u010danje njihovih kapaciteta za razumevanje volonterizma i aktivizma, ali u pru\u017eanje znanja u vezi raka kod dece i adolescenata. Obuka je koncipirana kao trening za vr\u0161nja\u010dke edukartore, pa \u0107e u\u010desnici biti obu\u010deni kako da ste\u010deno znanje efikasno prenesu na druge mlade ljude.<\/p>\n<p><img decoding=\"async\" src=\"images\/rakstaposle_6.jpg\" alt=\"rakstaposle 6\" \/><\/p>\n<p>Edukaciji je pristustovalo 28 u\u010desnika uzrasta od 14 do 28 godina, koje imaju iskustvo le\u010denja raka u detinjstvu.<\/p>\n<p>Kroz interaktivan na\u010din rada sa ovom grupom mladih \u010dlanovi udru\u017eenja su uspeli da ih motivi\u0161u i pomognu u planiranju \u010detiri akcije, koje \u0107e tokom naredne godine i realizovati. Svi u\u010desnici su dobili sertifikate o poha\u0111anju edukacije \u201cRak-\u0161ta posle?\u201d.<\/p>\n","protected":false},"excerpt":{"rendered":"<p>\u010cika Boca&amp;MladiCe su, u okviru projekta \u201cRak-\u0161ta posle?\u201d, uz podr\u0161ku Ministarstva omladine i sporta, programa \u201cMladi su zakon\u201d i resurs centra Centar za gra\u0111ansko delovanje, 15. i 16. decembra odr\u017eali edukaciju za MladiCe (mlade le\u010dene od raka u detinjstvu) u prostorijama udru\u017eenja \u201c\u010cika Boca\u201d.<\/p>\n","protected":false},"author":1,"featured_media":0,"comment_status":"open","ping_status":"open","sticky":false,"template":"","format":"standard","meta":{"footnotes":""},"categories":[5],"tags":[],"class_list":["post-220","post","type-post","status-publish","format-standard","hentry","category-vesti-vesti"],"_links":{"self":[{"href":"https:\/\/cegrad.org\/index.php\/wp-json\/wp\/v2\/posts\/220","targetHints":{"allow":["GET"]}}],"collection":[{"href":"https:\/\/cegrad.org\/index.php\/wp-json\/wp\/v2\/posts"}],"about":[{"href":"https:\/\/cegrad.org\/index.php\/wp-json\/wp\/v2\/types\/post"}],"author":[{"embeddable":true,"href":"https:\/\/cegrad.org\/index.php\/wp-json\/wp\/v2\/users\/1"}],"replies":[{"embeddable":true,"href":"https:\/\/cegrad.org\/index.php\/wp-json\/wp\/v2\/comments?post=220"}],"version-history":[{"count":0,"href":"https:\/\/cegrad.org\/index.php\/wp-json\/wp\/v2\/posts\/220\/revisions"}],"wp:attachment":[{"href":"https:\/\/cegrad.org\/index.php\/wp-json\/wp\/v2\/media?parent=220"}],"wp:term":[{"taxonomy":"category","embeddable":true,"href":"https:\/\/cegrad.org\/index.php\/wp-json\/wp\/v2\/categories?post=220"},{"taxonomy":"post_tag","embeddable":true,"href":"https:\/\/cegrad.org\/index.php\/wp-json\/wp\/v2\/tags?post=220"}],"curies":[{"name":"wp","href":"https:\/\/api.w.org\/{rel}","templated":true}]}}