{"id":219,"date":"2018-12-18T07:27:04","date_gmt":"2018-12-18T07:27:04","guid":{"rendered":"https:\/\/cegrad.org\/index.php\/2018\/12\/18\/odrzan-dan-reanimacije-u-okviru-projekta-prvi-red-hitnosti\/"},"modified":"2018-12-18T07:27:04","modified_gmt":"2018-12-18T07:27:04","slug":"odrzan-dan-reanimacije-u-okviru-projekta-prvi-red-hitnosti","status":"publish","type":"post","link":"https:\/\/cegrad.org\/index.php\/2018\/12\/18\/odrzan-dan-reanimacije-u-okviru-projekta-prvi-red-hitnosti\/","title":{"rendered":"Odr\u017ean &#8222;Dan reanimacije&#8220; u okviru projekta &#8222;Prvi red hitnosti&#8220;"},"content":{"rendered":"<p><img decoding=\"async\" src=\"images\/48361036_508973076256835_2245302799476719616_n.jpg\" alt=\"48361036 508973076256835 2245302799476719616 n\" \/>Medicinska \u0161kola &#8222;Stevica Jovanovi\u0107&#8220; Pan\u010devo organizovala je 17. decembra &#8222;Dan reanimacije&#8220; u okviru projekta &#8222;Prvi red hitnosti&#8220;, koji je finansiran od strane Ministarstva omladine i sporta, u okviru programa &#8222;Mladi su zakon&#8220;, a preko resurs centra Centar za gra\u0111ansko delovanje.<\/p>\n<p><!--more--><\/p>\n<p>Projekat za cilj ima podizanje nivoa znanja, ali i sticanje dodatnih ve\u0161tina u oblasti prve pomo\u0107i, prvenstveno u\u010denika medicinske \u0161kole. Projekat \u201cPrvi red hitnosti\u201d, na savremen, interaktivan i atraktivan na\u010din vr\u0161i dodatnu obuku u\u010denika medicinske \u0161kole u ovoj oblasti i putem specijalizovanog treninga i realizacije serije pokaznih i simulacionih ve\u017ebi podi\u017ee nivo znanja i ve\u0161tine u\u010denika kada je urgentna medicina u pitanju. Stvaranjem kvalitetnijeg i kompetentnijeg kadra koji u kriznim situacijama mo\u017ee pru\u017eiti prvu pomo\u0107, podi\u017ee se bezbednost mladih, ali i svih gra\u0111ana na teritoriji Pan\u010deva.<\/p>\n<p><img decoding=\"async\" src=\"images\/48364415_508975266256616_1696733319980384256_n.jpg\" alt=\"48364415 508975266256616 1696733319980384256 n\" \/><\/p>\n<p>Osnovna prva pomo\u0107 trebalo bi da predstavlja deo elementarnog znanja svake osobe. Model u kojem se prilikom ne\u017eeljenih situacija pru\u017ei samopomo\u0107 ili uzajamna pomo\u0107 &nbsp;je prikazan kao onaj koji na najbolji na\u010din smanjuje smrtnost, ali i komplikacije zbog povre\u0111ivanja ili naglo nastale bolesti.<\/p>\n<p>Nosioci aktivnosti u okviru &#8222;Dana reanimacije&#8220; bili su u\u010denici i nastavnici, \u010dlanovi sekcije prve pomo\u0107i, ali i nastavnici koji realizuju nastavu zdravstvene nege u bloku za u\u010denike zavr\u0161nih razreda. Aktivnost je realizovana u hali Medicinske \u0161kole &#8222;Stevica Jovanovi\u0107&#8220;.<\/p>\n<p><img decoding=\"async\" src=\"images\/48381493_508971396257003_3754864760412176384_n.jpg\" alt=\"48381493 508971396257003 3754864760412176384 n\" \/><\/p>\n<p>U\u010de\u0161\u0107e je uzelo 23 u\u010denika u ulozi realizatora, 12 nastavnka, kao i&nbsp;preko 120 u\u010denika zavr\u0161nih godina u ulozi polaznika iz sva \u010detiri&nbsp;obrazovna profila. Tokom akcije kori\u0161\u0107eno je preko 20 razli\u010ditih lutki&nbsp;za reanimaciju, kao i desetak specijalnih aparata. Polaznici su na po\u010detku pro\u0161li mere osnovne \u017eivotne potpore na 9 punktova na kojima su bili predstavnici svih organizacija. Nakon toga, po sistemu rotacije odr\u017eana su i posebna predavanja.&nbsp;<\/p>\n<p><img decoding=\"async\" src=\"images\/48385160_508973509590125_6456154092992462848_n.jpg\" alt=\"48385160 508973509590125 6456154092992462848 n\" \/><\/p>\n<p>Partneri u realizaciji akcije su bili Dom zdravlja Pan\u010devo, Crveni krst Kovin i Crveni krst Pan\u010devo.<\/p>\n","protected":false},"excerpt":{"rendered":"<p>Medicinska \u0161kola &#8222;Stevica Jovanovi\u0107&#8220; Pan\u010devo organizovala je 17. decembra &#8222;Dan reanimacije&#8220; u okviru projekta &#8222;Prvi red hitnosti&#8220;, koji je finansiran od strane Ministarstva omladine i sporta, u okviru programa &#8222;Mladi su zakon&#8220;, a preko resurs centra Centar za gra\u0111ansko delovanje.<\/p>\n","protected":false},"author":1,"featured_media":0,"comment_status":"open","ping_status":"open","sticky":false,"template":"","format":"standard","meta":{"footnotes":""},"categories":[5],"tags":[],"class_list":["post-219","post","type-post","status-publish","format-standard","hentry","category-vesti-vesti"],"_links":{"self":[{"href":"https:\/\/cegrad.org\/index.php\/wp-json\/wp\/v2\/posts\/219","targetHints":{"allow":["GET"]}}],"collection":[{"href":"https:\/\/cegrad.org\/index.php\/wp-json\/wp\/v2\/posts"}],"about":[{"href":"https:\/\/cegrad.org\/index.php\/wp-json\/wp\/v2\/types\/post"}],"author":[{"embeddable":true,"href":"https:\/\/cegrad.org\/index.php\/wp-json\/wp\/v2\/users\/1"}],"replies":[{"embeddable":true,"href":"https:\/\/cegrad.org\/index.php\/wp-json\/wp\/v2\/comments?post=219"}],"version-history":[{"count":0,"href":"https:\/\/cegrad.org\/index.php\/wp-json\/wp\/v2\/posts\/219\/revisions"}],"wp:attachment":[{"href":"https:\/\/cegrad.org\/index.php\/wp-json\/wp\/v2\/media?parent=219"}],"wp:term":[{"taxonomy":"category","embeddable":true,"href":"https:\/\/cegrad.org\/index.php\/wp-json\/wp\/v2\/categories?post=219"},{"taxonomy":"post_tag","embeddable":true,"href":"https:\/\/cegrad.org\/index.php\/wp-json\/wp\/v2\/tags?post=219"}],"curies":[{"name":"wp","href":"https:\/\/api.w.org\/{rel}","templated":true}]}}