{"id":216,"date":"2018-12-05T09:40:21","date_gmt":"2018-12-05T09:40:21","guid":{"rendered":"https:\/\/cegrad.org\/index.php\/2018\/12\/05\/aktivnosti-na-mladi-su-zakon-projektu-aktiviraj-se-pomozi-prirodi\/"},"modified":"2018-12-05T09:40:21","modified_gmt":"2018-12-05T09:40:21","slug":"aktivnosti-na-mladi-su-zakon-projektu-aktiviraj-se-pomozi-prirodi","status":"publish","type":"post","link":"https:\/\/cegrad.org\/index.php\/2018\/12\/05\/aktivnosti-na-mladi-su-zakon-projektu-aktiviraj-se-pomozi-prirodi\/","title":{"rendered":"Aktivnosti na \u201cMladi su zakon\u201c projektu \u201cAktiviraj se \u2013 pomozi prirodi\u201c"},"content":{"rendered":"<p><img decoding=\"async\" src=\"images\/IMG_20181101_084034.jpg\" alt=\"IMG 20181101 084034\" \/>Ekolo\u0161ka sekcija T\u0160 \u201cSava Mun\u0107an\u201d iz Bele Crkve dobila je podr\u0161ku Ministarstva omladine i sporta, kroz program &#8222;Mladi su zakon&#8220;, preko Resurs centra Centar za gra\u0111ansko delovanje, za realizaciju projekta \u201cAktiviraj se \u2013 pomozi prirodi\u201d.<\/p>\n<p><!--more--><\/p>\n<p>&nbsp;Projekat predvi\u0111a da \u010dlanovi Ekolo\u0161ke sekcije ove \u0161kole edukuju vr\u0161nja\u010dke edukatore na temu za\u0161tite \u017eivotne sredine, sa fokusom na odlaganje i selektovanje otpada, koji \u0107e ste\u010deno znanje preneti deci u pred\u0161kolskim ustanovama i osnovnim \u0161kolama u Beloj Crkvi.<\/p>\n<p><img decoding=\"async\" src=\"images\/IMG_20181101_084045.jpg\" alt=\"IMG 20181101 084045\" \/><\/p>\n<p>Obuka vr\u0161nja\u010dkih edukatora odr\u017eana je 20. novembra i 4. decembra. Tokom trajanja obuke pripremljena je prezentacija za vr\u0161nja\u010dku edukaciju i obavljeno je uve\u017ebavanje izlaganja.<\/p>\n<p>Projektom je predvi\u0111eno i postavljanje kanti za selektovanje otpada u Pred\u0161kolskoj ustanovi \u201cAn\u0111elka \u0110uri\u0107\u201d i osnovnim \u0161kolama \u201cDositej Obradovi\u0107\u201d i \u201c\u017darko Zrenjanin\u201d, uz podr\u0161ku JKP \u201cBelocrkvanski komunalac\u201d.<\/p>\n<p><img decoding=\"async\" src=\"images\/IMG_20181113_113630.jpg\" alt=\"IMG 20181113 113630\" \/><\/p>\n","protected":false},"excerpt":{"rendered":"<p>Ekolo\u0161ka sekcija T\u0160 \u201cSava Mun\u0107an\u201d iz Bele Crkve dobila je podr\u0161ku Ministarstva omladine i sporta, kroz program &#8222;Mladi su zakon&#8220;, preko Resurs centra Centar za gra\u0111ansko delovanje, za realizaciju projekta \u201cAktiviraj se \u2013 pomozi prirodi\u201d.<\/p>\n","protected":false},"author":1,"featured_media":0,"comment_status":"open","ping_status":"open","sticky":false,"template":"","format":"standard","meta":{"footnotes":""},"categories":[5],"tags":[],"class_list":["post-216","post","type-post","status-publish","format-standard","hentry","category-vesti-vesti"],"_links":{"self":[{"href":"https:\/\/cegrad.org\/index.php\/wp-json\/wp\/v2\/posts\/216","targetHints":{"allow":["GET"]}}],"collection":[{"href":"https:\/\/cegrad.org\/index.php\/wp-json\/wp\/v2\/posts"}],"about":[{"href":"https:\/\/cegrad.org\/index.php\/wp-json\/wp\/v2\/types\/post"}],"author":[{"embeddable":true,"href":"https:\/\/cegrad.org\/index.php\/wp-json\/wp\/v2\/users\/1"}],"replies":[{"embeddable":true,"href":"https:\/\/cegrad.org\/index.php\/wp-json\/wp\/v2\/comments?post=216"}],"version-history":[{"count":0,"href":"https:\/\/cegrad.org\/index.php\/wp-json\/wp\/v2\/posts\/216\/revisions"}],"wp:attachment":[{"href":"https:\/\/cegrad.org\/index.php\/wp-json\/wp\/v2\/media?parent=216"}],"wp:term":[{"taxonomy":"category","embeddable":true,"href":"https:\/\/cegrad.org\/index.php\/wp-json\/wp\/v2\/categories?post=216"},{"taxonomy":"post_tag","embeddable":true,"href":"https:\/\/cegrad.org\/index.php\/wp-json\/wp\/v2\/tags?post=216"}],"curies":[{"name":"wp","href":"https:\/\/api.w.org\/{rel}","templated":true}]}}