{"id":215,"date":"2018-12-04T11:48:27","date_gmt":"2018-12-04T11:48:27","guid":{"rendered":"https:\/\/cegrad.org\/index.php\/2018\/12\/04\/pocela-realizacija-mladi-su-zakon-projekta-kvaka-22\/"},"modified":"2018-12-04T11:48:27","modified_gmt":"2018-12-04T11:48:27","slug":"pocela-realizacija-mladi-su-zakon-projekta-kvaka-22","status":"publish","type":"post","link":"https:\/\/cegrad.org\/index.php\/2018\/12\/04\/pocela-realizacija-mladi-su-zakon-projekta-kvaka-22\/","title":{"rendered":"Po\u010dela realizacija &#8222;Mladi su zakon&#8220; projekta &#8222;Kvaka 22&#8220;"},"content":{"rendered":"<p><img decoding=\"async\" src=\"images\/20181124_101451.jpg\" alt=\"20181124 101451\" \/>Crveni krst Kovin po\u010deo je sa realizacijom prvih aktivnosti na projektu &#8222;Kvaka 22&#8220;. Projekat je podr\u017ean od strane Ministarstva omladine i sporta, kroz program &#8222;Mladi su zakon&#8220;, preko Resurs centra Centar za gra\u0111ansko delovanje.<\/p>\n<p><!--more--><\/p>\n<p>24. i 25. novembra Crveni krst Kovin odr\u017eao je lokalnu obuku za nove edukatore u okviru programa &#8222;Prevencija trgovine ljudima&#8220;. Realizatori obuke su bili edukatori i treneri iz Crvenog krsta iz Kovina, Vr\u0161ca i Aran\u0111elovca. Obuka je realizovana po standardizovanoj agendi Crvenog krsta Srbije, kroz koju su polaznici seminara imali priliku da se bli\u017ee upoznaju sa pojmom &#8222;trgovine ljudima&#8220;. Poseban akcenat tokom obuke stavljen je na mere opreza.<\/p>\n<p>Budu\u0107i vr\u0161nja\u010dki edukatori imali su priliku da tokom seminara slu\u0161aju predavanje o slu\u010dajevima iz prakse, u identifikovanju trgovine ljudima kao ozbiljnog krivi\u010dnog dela, koje je odr\u017eao samostalni inspektor iz PU Pan\u010devo. Ovo predavanje pomoglo je polaznicima da i sami do\u0111u do jasnog zaklju\u010dka da je ovaj problem prisutan i u na\u0161oj sredini, kao i koliko je va\u017eno raditi na njegovoj prevenciji.<\/p>\n<p><img decoding=\"async\" src=\"images\/20181125_104416.jpg\" alt=\"20181125 104416\" \/><\/p>\n<p>Polaznici obuke pro\u0161li su kroz razli\u010dita predavanja, radionice i aktivnosti u okviru &#8222;Preventivnog paketa&#8220;, pomo\u0107u kojih \u0107e u svom budu\u0107em radu edukovati svoje vr\u0161njake.<\/p>\n<p>Obuku za nove edukatore pro\u0161lo je 16 polaznika.<\/p>\n<p><img decoding=\"async\" src=\"images\/20181125_174554.jpg\" alt=\"20181125 174554\" \/><\/p>\n<p>U narednom periodu edukovani vr\u0161nja\u010dki edukatori \u0107e realizovati vr\u0161nja\u010dku edukaciju za u\u010denike osnovnih i srednjih \u0161kola na temu &#8222;Prevencija trgovine ljudima&#8220;.<\/p>\n","protected":false},"excerpt":{"rendered":"<p>Crveni krst Kovin po\u010deo je sa realizacijom prvih aktivnosti na projektu &#8222;Kvaka 22&#8220;. Projekat je podr\u017ean od strane Ministarstva omladine i sporta, kroz program &#8222;Mladi su zakon&#8220;, preko Resurs centra Centar za gra\u0111ansko delovanje.<\/p>\n","protected":false},"author":1,"featured_media":0,"comment_status":"open","ping_status":"open","sticky":false,"template":"","format":"standard","meta":{"footnotes":""},"categories":[5],"tags":[],"class_list":["post-215","post","type-post","status-publish","format-standard","hentry","category-vesti-vesti"],"_links":{"self":[{"href":"https:\/\/cegrad.org\/index.php\/wp-json\/wp\/v2\/posts\/215","targetHints":{"allow":["GET"]}}],"collection":[{"href":"https:\/\/cegrad.org\/index.php\/wp-json\/wp\/v2\/posts"}],"about":[{"href":"https:\/\/cegrad.org\/index.php\/wp-json\/wp\/v2\/types\/post"}],"author":[{"embeddable":true,"href":"https:\/\/cegrad.org\/index.php\/wp-json\/wp\/v2\/users\/1"}],"replies":[{"embeddable":true,"href":"https:\/\/cegrad.org\/index.php\/wp-json\/wp\/v2\/comments?post=215"}],"version-history":[{"count":0,"href":"https:\/\/cegrad.org\/index.php\/wp-json\/wp\/v2\/posts\/215\/revisions"}],"wp:attachment":[{"href":"https:\/\/cegrad.org\/index.php\/wp-json\/wp\/v2\/media?parent=215"}],"wp:term":[{"taxonomy":"category","embeddable":true,"href":"https:\/\/cegrad.org\/index.php\/wp-json\/wp\/v2\/categories?post=215"},{"taxonomy":"post_tag","embeddable":true,"href":"https:\/\/cegrad.org\/index.php\/wp-json\/wp\/v2\/tags?post=215"}],"curies":[{"name":"wp","href":"https:\/\/api.w.org\/{rel}","templated":true}]}}