{"id":214,"date":"2018-11-26T09:57:57","date_gmt":"2018-11-26T09:57:57","guid":{"rendered":"https:\/\/cegrad.org\/index.php\/2018\/11\/26\/proslavimo-zajedno-05-decembar-medunarodni-dan-volontera\/"},"modified":"2018-11-26T09:57:57","modified_gmt":"2018-11-26T09:57:57","slug":"proslavimo-zajedno-05-decembar-medunarodni-dan-volontera","status":"publish","type":"post","link":"https:\/\/cegrad.org\/index.php\/2018\/11\/26\/proslavimo-zajedno-05-decembar-medunarodni-dan-volontera\/","title":{"rendered":"Proslavimo zajedno 05. decembar, Me\u0111unarodni dan volontera"},"content":{"rendered":"<p><img decoding=\"async\" src=\"images\/Copy-of-5.-decembar-2-1-842x474.jpg\" alt=\"Copy of 5. decembar 2 1 842x474\" \/><\/p>\n<p>Velika nam je \u010dast da vas pozovemo da i ove godine zajedni\u010dki proslavimo najve\u0107i volonterski praznik &#8211; 05. decembar, Me\u0111unarodni dan volontera. Proslava \u0107e se odr\u017eati u <a href=\"https:\/\/startit.rs\/beograd\/\" target=\"_blank\" rel=\"noopener noreferrer\">Startit centru <\/a>u Beogradu (Savska br. 5).<\/p>\n<p><!--more--><\/p>\n<p>Razlog da svake godine obele\u017eavamo ovaj va\u017ean datum ste upravo vi \u2013 volonteri i volonterke!<\/p>\n<p>Sve\u010danom proslavom ovog va\u017enog datuma \u017eelimo da istaknemo da je zalaganje volontera i volonterki iz Srbije u unapre\u0111enju odr\u017eivosti lokalnih zajednica deo velikog me\u0111unarodnog volonterskog doprinosa razvoju lokalnih zajednica \u0161irom sveta, razvoju mladih u anga\u017eovane i kriti\u010dki nastrojene li\u010dnosti, a uo\u010di stote godi\u0161njice me\u0111unarodnog volonterskog servisa 2020. i miru u svetu. U 2018. godini na 35 me\u0111unarodnih volonterskih kampova i 140 omladinskih volonterskih projekata vi\u0161e od 1000 volontera i volonterki ulo\u017eilo je vi\u0161e od 30.000 radnih sati u razvoj lokalnih zajednica \u0161irom Srbije, \u010dime su direktno potvrdili izbor ovogodi\u0161njeg slogana Me\u0111unarodnog dana volontera \u2013&nbsp;VOLUNTEERS BUILD RESILIENT COMMUNITIES \u2013 VOLONTERI GRADE ODR\u017dIVE ZAJEDNICE.<\/p>\n<p>Pozivamo sve volontere, volonterke i organizatore volontiranja da budu po\u010dasni gosti sve\u010dane proslave, na kojoj je predvi\u0111eno da se obratiti ministar omladine i sporta Vanja Udovi\u010di\u0107 i stalna predstavnica Ujedinjenih nacija u Srbiji Karla Robin Her\u0161i i gde \u0107e biti predstavljen volonterski doprinos u 2018. godini i dostignu\u0107a.<\/p>\n<p>Me\u0111unarodni dan volontera se u Srbiji obele\u017eava ve\u0107 9 godina kao nacionalna proslava u okviru programa Ministarstva omladine i sporta RS &#8222;Mladi su zakon&#8220;, dok se na me\u0111unarodnom planu ovaj dan obele\u017eava odlukom organizacije Ujedinjenih nacija od 1985. godine. Vi\u0161e o Me\u0111unarodnom danu volontera mo\u017eete pro\u010ditati <a href=\"https:\/\/www.unv.org\/internationalvolunteerday2018\" target=\"_blank\" rel=\"noopener noreferrer\">OVDE<\/a>.&nbsp;<\/p>\n<p>Molimo vas da svoj dolazak potvrdite popunjavanjem prijave koja se nalazi na ovom <a href=\"https:\/\/istrazivaci.wufoo.com\/forms\/potvrda-dolaska-meaeunarodni-dan-volontera-2018\/\" target=\"_blank\" rel=\"noopener noreferrer\">LINKU<\/a> do petka, 30. novembra 2018. godine, do 12.00 sati.<\/p>\n<p>U mogu\u0107nosti smo da obezbedimo povra\u0107aj putnih tro\u0161kova za odre\u0111eni broj u\u010desnika koji radi u\u010de\u0161\u0107a na proslavi putuju u Beograd. Molimo vas stoga da nam u prijavi nazna\u010dite va\u017ee\u0107u imejl adresu na koju \u0107emo vam poslati potvrdu o u\u010de\u0161\u0107u i smernice za povra\u0107aj putnih tro\u0161kova, najkasnije do ponedeljka, 03. decembra.<\/p>\n<p>&nbsp;<\/p>\n","protected":false},"excerpt":{"rendered":"<p>Velika nam je \u010dast da vas pozovemo da i ove godine zajedni\u010dki proslavimo najve\u0107i volonterski praznik &#8211; 05. decembar, Me\u0111unarodni dan volontera. Proslava \u0107e se odr\u017eati u Startit centru u Beogradu (Savska br. 5).<\/p>\n","protected":false},"author":1,"featured_media":0,"comment_status":"open","ping_status":"open","sticky":false,"template":"","format":"standard","meta":{"footnotes":""},"categories":[5],"tags":[],"class_list":["post-214","post","type-post","status-publish","format-standard","hentry","category-vesti-vesti"],"_links":{"self":[{"href":"https:\/\/cegrad.org\/index.php\/wp-json\/wp\/v2\/posts\/214","targetHints":{"allow":["GET"]}}],"collection":[{"href":"https:\/\/cegrad.org\/index.php\/wp-json\/wp\/v2\/posts"}],"about":[{"href":"https:\/\/cegrad.org\/index.php\/wp-json\/wp\/v2\/types\/post"}],"author":[{"embeddable":true,"href":"https:\/\/cegrad.org\/index.php\/wp-json\/wp\/v2\/users\/1"}],"replies":[{"embeddable":true,"href":"https:\/\/cegrad.org\/index.php\/wp-json\/wp\/v2\/comments?post=214"}],"version-history":[{"count":0,"href":"https:\/\/cegrad.org\/index.php\/wp-json\/wp\/v2\/posts\/214\/revisions"}],"wp:attachment":[{"href":"https:\/\/cegrad.org\/index.php\/wp-json\/wp\/v2\/media?parent=214"}],"wp:term":[{"taxonomy":"category","embeddable":true,"href":"https:\/\/cegrad.org\/index.php\/wp-json\/wp\/v2\/categories?post=214"},{"taxonomy":"post_tag","embeddable":true,"href":"https:\/\/cegrad.org\/index.php\/wp-json\/wp\/v2\/tags?post=214"}],"curies":[{"name":"wp","href":"https:\/\/api.w.org\/{rel}","templated":true}]}}