{"id":212,"date":"2018-11-13T10:03:42","date_gmt":"2018-11-13T10:03:42","guid":{"rendered":"https:\/\/cegrad.org\/index.php\/2018\/11\/13\/realizovan-mladi-su-zakon-projekat-stroj-saveza-izvidaca-srbije-u-obrenovcu\/"},"modified":"2018-11-13T10:03:42","modified_gmt":"2018-11-13T10:03:42","slug":"realizovan-mladi-su-zakon-projekat-stroj-saveza-izvidaca-srbije-u-obrenovcu","status":"publish","type":"post","link":"https:\/\/cegrad.org\/index.php\/2018\/11\/13\/realizovan-mladi-su-zakon-projekat-stroj-saveza-izvidaca-srbije-u-obrenovcu\/","title":{"rendered":"Realizovan &#8222;Mladi su zakon&#8220; projekat &#8222;Stroj Saveza izvi\u0111a\u010da Srbije u Obrenovcu&#8220;"},"content":{"rendered":"<p><img decoding=\"async\" src=\"images\/thumbnail_2.jpg\" alt=\"thumbnail 2\" style=\"display: block; margin-left: auto; margin-right: auto;\" \/><br \/>Mladi izvi\u0111a\u010di iz Obrenovca realizovali su projekat &#8222;Stroj Saveza izvi\u0111a\u010da Srbije u Obrenovcu&#8220;, koji je podr\u017ean od strane Ministarstva omladine i sporta, kroz program &#8222;Mladi su zakon\u201c, preko Resurs centra Centar za gra\u0111ansko delovanje.<\/p>\n<p><!--more--><\/p>\n<p>Vi\u0161e stotina izvi\u0111a\u010da i planinki iz cele Srbije do\u0161lo je u Obrenovac kako bi u\u010destvovalo u izvi\u0111a\u010dkom stroju, u okviru kog su najboljim pojedincima\/kama, odredima i \u010detama dodeljena odlikovanja i priznanja. Mladi Obrenov\u010dani i Obrenov\u010danke su imali priliku da se dru\u017ee sa svojim vr\u0161njacima i vr\u0161njakinjama i razmenjuju iskustva.&nbsp;<\/p>\n<p><img decoding=\"async\" src=\"images\/thumbnail.jpg\" alt=\"thumbnail\" style=\"display: block; margin-left: auto; margin-right: auto;\" \/><\/p>\n<p>Tako\u0111e, u okviru programa organizovan je obilazak obrenova\u010dkih znamenitosti, kao \u0161to su Milo\u0161ev konak, arboretum i izleti\u0161te Zabran.<\/p>\n<p>Jedan od ciljeva projekta bio je prepoznavanje izvi\u0111a\u010da kao aktivnih mladih osoba koje imaju pozitivan uticaj na svoju sredinu, kao i promocija izvi\u0111a\u010dkih vrednosti, poput razvoja ekolo\u0161ke svesti kod mladih osoba.<\/p>\n<p><img decoding=\"async\" src=\"images\/thumbnail_1.jpg\" alt=\"thumbnail 1\" style=\"display: block; margin-left: auto; margin-right: auto;\" \/><\/p>\n","protected":false},"excerpt":{"rendered":"<p>Mladi izvi\u0111a\u010di iz Obrenovca realizovali su projekat &#8222;Stroj Saveza izvi\u0111a\u010da Srbije u Obrenovcu&#8220;, koji je podr\u017ean od strane Ministarstva omladine i sporta, kroz program &#8222;Mladi su zakon\u201c, preko Resurs centra Centar za gra\u0111ansko delovanje.<\/p>\n","protected":false},"author":1,"featured_media":0,"comment_status":"open","ping_status":"open","sticky":false,"template":"","format":"standard","meta":{"footnotes":""},"categories":[5],"tags":[],"class_list":["post-212","post","type-post","status-publish","format-standard","hentry","category-vesti-vesti"],"_links":{"self":[{"href":"https:\/\/cegrad.org\/index.php\/wp-json\/wp\/v2\/posts\/212","targetHints":{"allow":["GET"]}}],"collection":[{"href":"https:\/\/cegrad.org\/index.php\/wp-json\/wp\/v2\/posts"}],"about":[{"href":"https:\/\/cegrad.org\/index.php\/wp-json\/wp\/v2\/types\/post"}],"author":[{"embeddable":true,"href":"https:\/\/cegrad.org\/index.php\/wp-json\/wp\/v2\/users\/1"}],"replies":[{"embeddable":true,"href":"https:\/\/cegrad.org\/index.php\/wp-json\/wp\/v2\/comments?post=212"}],"version-history":[{"count":0,"href":"https:\/\/cegrad.org\/index.php\/wp-json\/wp\/v2\/posts\/212\/revisions"}],"wp:attachment":[{"href":"https:\/\/cegrad.org\/index.php\/wp-json\/wp\/v2\/media?parent=212"}],"wp:term":[{"taxonomy":"category","embeddable":true,"href":"https:\/\/cegrad.org\/index.php\/wp-json\/wp\/v2\/categories?post=212"},{"taxonomy":"post_tag","embeddable":true,"href":"https:\/\/cegrad.org\/index.php\/wp-json\/wp\/v2\/tags?post=212"}],"curies":[{"name":"wp","href":"https:\/\/api.w.org\/{rel}","templated":true}]}}