{"id":185,"date":"2017-09-22T10:53:48","date_gmt":"2017-09-22T10:53:48","guid":{"rendered":"https:\/\/cegrad.org\/index.php\/2017\/09\/22\/ring-the-alarm-festival-ekologije-diy-i-urbane-kulture-od-29-septembra-do-1-oktobra\/"},"modified":"2017-09-22T10:53:48","modified_gmt":"2017-09-22T10:53:48","slug":"ring-the-alarm-festival-ekologije-diy-i-urbane-kulture-od-29-septembra-do-1-oktobra","status":"publish","type":"post","link":"https:\/\/cegrad.org\/index.php\/2017\/09\/22\/ring-the-alarm-festival-ekologije-diy-i-urbane-kulture-od-29-septembra-do-1-oktobra\/","title":{"rendered":"&#8222;RING THE ALARM&#8220; &#8211; festival ekologije, DIY i urbane kulture od 29. septembra do 1. oktobra"},"content":{"rendered":"<p><a href=\"https:\/\/www.facebook.com\/nesvrstanaumetnost\" target=\"_blank\" rel=\"noopener noreferrer\"><img loading=\"lazy\" decoding=\"async\" src=\"images\/883771_10200625326616142_147521253_o.jpg\" alt=\"883771 10200625326616142 147521253 o\" width=\"200\" height=\"133\" style=\"margin-right: 10px; margin-left: 10px; float: left;\" \/>Udru\u017eenje nesvrstanih umetnika<\/a> poziva na <a href=\"https:\/\/www.facebook.com\/festivalringthealarm\/\" target=\"_blank\" rel=\"noopener noreferrer\">&#8222;RING THE ALARM&#8220; \u2013 festival ekologije, DIY i urbane kulture<\/a> od 29. septembra do 1. oktobra, Dunavski nasip, Star\u010devo, u blizini terminala skele Vin\u010da-Marijino Polje (Star\u010devo).<\/p>\n<p><!--more--><\/p>\n<p>&nbsp;Spremite se za drugo izdanje &#8222;RING THE ALARM\u201c-a, koji de se odr\u017eati od 29. septembra do 1. oktobra, na Dunavskom nasipu u blizini Star\u010deva. Ovogodi\u0161nje izdanje festivala &#8222;uradi sam&#8220; i urbane kulture, u organizaciji Udru\u017eenja nesvrstanih umetnika, bi\u0107e u znaku po\u0161umljavanja javnih zelenih povr\u0161ina, pa \u0107e tako manifestacija pored muzi\u010dkog, dobiti i ekolo\u0161ki karakter.<\/p>\n<p>&#8222;RING THE ALARM&#8220; \u0107e ove godine okupiti preko 27 istaknutih, ali i neafirmisanih reggae, hip hop i drum\u2019n\u2019bass umetnika iz 11 gradova Srbije, koji \u0107e kroz radionice, did\u017eej i lajv nastupe poku\u0161ati da skrenu pa\u017enju javnosti na brojne ekolo\u0161ke probleme koji poga\u0111aju priobalje Dunava, nizvodno od Beograda i Pan\u010deva.<\/p>\n<p>Me\u0111u izvo\u0111a\u010dima su i Nemanja &#8222;Coyote\u201c Koji\u0107, Tjamil (Ni\u0161), Little Miss Vandal (Ni\u0161), Shiny D (Ni\u0161), Jahmessenjah (Gornji Milanovac), Banzae (Novi Sad), Unity Sound (Subotica), Kick Kong (Zaje\u010dar), \u0160ifra F, King Calypso (Lazarevac), Ital Vision, Seven, Baza, Forti, Crossroad25 (Beograd), Hip hop radionica (Pan\u010devo), i mnogi drugi, a posetioce o\u010dekuju i brojni gosti iznena\u0111enja.<\/p>\n<p>Festivalska lokacija je udaljena oko 1.5 km od beogradskog naselja Vin\u010da, tj. 8 km od Pan\u010deva. Za dolazak do festivala posetioci \u0107e mo\u0107i da koriste dnevni prevoz skelom (feribotom) preko Dunava, od Vin\u010de do Star\u010deva, u periodu od 06 do 18 h, \u0161to je najbr\u017ei put od Beograda do mesta odr\u017eavanja manifestacije. Tokom no\u0107i, bi\u0107e dostupan minibus prevoz preko Pan\u010deva.<\/p>\n<p><img loading=\"lazy\" decoding=\"async\" src=\"images\/14264852_10153876464672469_4332851626156934038_n.jpg\" alt=\"14264852 10153876464672469 4332851626156934038 n\" width=\"400\" height=\"600\" style=\"display: block; margin-left: auto; margin-right: auto;\" \/><\/p>\n<p>Posetiocima \u0107e biti dostupan i besplatan prostor za kampovanje tokom trajanja manifestacije, a s obzirom da je lokacija na trasi \u201eKru\u017ene staze\u201c, biciklisti\u010dke rute koja spaja Star\u010devo, Ivanovo, Omoljicu, posetioci \u0107e tokom dana imati priliku da posete rezervat prirode &#8222;Ivanova\u010dka ada\u201c i park prirode &#8222;Ponjavica\u201c. Kako bi se olak\u0161alo kretanje posetilaca, bi\u0107e dostupan i rent-a-bike servis, koji se realizuje uz podr\u0161ku udru\u017eenja Connecting iz Pan\u010deva.<\/p>\n<p>Manifestacija se odr\u017eava u sklopu projekta &#8222;Po\u0161umljavanje: put do prostora za mlade\u201c, koji je finansiran kroz program &#8222;Mladi su zakon\u201c Ministarstva omladine i sporta, preko Resurs centra Centar za gra\u0111ansko delovanje, a sa ciljem ure\u0111enja neiskori\u0161\u0107enih javnih prostora za odr\u017eavanje koncerata i \u0111 nastupa. Projekat su podr\u017eali i MZ Star\u010devo, JKP &#8222;Higijena\u201c Pan\u010devo i JP &#8222;Srbija\u0161ume\u201c.<\/p>\n<p><strong>Akcija po\u0161umljavanja u Star\u010devu \u0107e biti uvod u ekolo\u0161ko-muzi\u010dku manifestaciju &#8222;RING THE ALARM\u201c.<\/strong><\/p>\n<p>Prva u nizu omladinskih volonterskih akcija po\u0161umljavanja odr\u017ea\u0107e se u naselju Star\u010devo u subotu, 16. septembra, od 10 \u010dasova, kada \u0107e u saradnji sa lokalnim ekolo\u0161kim, izvi\u0111a\u010dkim i p\u010delarskim udru\u017eenjima, biti zasa\u0111eno prvih sto od vi\u0161e stotina planiranih sadnica drve\u0107a i medonosnog \u017ebunja. Akcija \u0107e se realizovati na javnoj povr\u0161ini u blizini agrocentra &#8222;Volo\u0111a\u201c, na mestu nekada\u0161nje divlje deponije.<\/p>\n<p><img loading=\"lazy\" decoding=\"async\" src=\"images\/20768270_1216636635109121_4499638926936642969_n.jpg\" alt=\"20768270 1216636635109121 4499638926936642969 n\" width=\"400\" height=\"215\" style=\"display: block; margin-left: auto; margin-right: auto;\" \/><\/p>\n<p>Ova inicijativa se realizuje uz podr\u0161ku MZ Star\u010devo, koja je pored lokacije za po\u0161umljavanje obezbedila i podr\u0161ku stru\u010dnjaka iz oblasti \u0161umarstva. Deo je projekta &#8222;Po\u0161umljavanje: put do prostora za mlade\u201c, \u010diji je dugoro\u010dni cilj ure\u0111enje javnih prostora u priobalju Dunava nizvodno od Pan\u010deva i Beograda, za potrebe odr\u017eavanja kulturnih manifestacija, kampovanje i rekreaciju. S obzirom da je nedostatak zvu\u010dne za\u0161tite najve\u0107a prepreka za odr\u017eavanje koncerata, kroz projekat \u0107e se na ovaj problem odgovoriti na veoma prakti\u010dan na\u010din, po\u0161umljavanjem brojnih neiskori\u0161\u0107enih i zapu\u0161tenih javnih povr\u0161ina.<\/p>\n<p>U\u010destvova\u0107e 20 volontera iz Pan\u010deva, Beograda i Smedereva, koji \u0107e nakon po\u0161umljavanja na levoj obali Dunava, ste\u010deno iskustvo i znanje preneti u Vin\u010du i Beograd. Akcije \u0107e se nastaviti narednih nedelja, kada \u0107e uz stru\u010dnu pomo\u0107 javnih preduze\u0107a biti realizovana i volonterska akcija po\u0161umljavanja priobalja reke Bole\u010dice, najzaga\u0111enijeg vodotoka Beograda.<\/p>\n","protected":false},"excerpt":{"rendered":"<p>Udru\u017eenje nesvrstanih umetnika poziva na &#8222;RING THE ALARM&#8220; \u2013 festival ekologije, DIY i urbane kulture od 29. septembra do 1. oktobra, Dunavski nasip, Star\u010devo, u blizini terminala skele Vin\u010da-Marijino Polje (Star\u010devo).<\/p>\n","protected":false},"author":1,"featured_media":0,"comment_status":"open","ping_status":"open","sticky":false,"template":"","format":"standard","meta":{"footnotes":""},"categories":[5],"tags":[],"class_list":["post-185","post","type-post","status-publish","format-standard","hentry","category-vesti-vesti"],"_links":{"self":[{"href":"https:\/\/cegrad.org\/index.php\/wp-json\/wp\/v2\/posts\/185","targetHints":{"allow":["GET"]}}],"collection":[{"href":"https:\/\/cegrad.org\/index.php\/wp-json\/wp\/v2\/posts"}],"about":[{"href":"https:\/\/cegrad.org\/index.php\/wp-json\/wp\/v2\/types\/post"}],"author":[{"embeddable":true,"href":"https:\/\/cegrad.org\/index.php\/wp-json\/wp\/v2\/users\/1"}],"replies":[{"embeddable":true,"href":"https:\/\/cegrad.org\/index.php\/wp-json\/wp\/v2\/comments?post=185"}],"version-history":[{"count":0,"href":"https:\/\/cegrad.org\/index.php\/wp-json\/wp\/v2\/posts\/185\/revisions"}],"wp:attachment":[{"href":"https:\/\/cegrad.org\/index.php\/wp-json\/wp\/v2\/media?parent=185"}],"wp:term":[{"taxonomy":"category","embeddable":true,"href":"https:\/\/cegrad.org\/index.php\/wp-json\/wp\/v2\/categories?post=185"},{"taxonomy":"post_tag","embeddable":true,"href":"https:\/\/cegrad.org\/index.php\/wp-json\/wp\/v2\/tags?post=185"}],"curies":[{"name":"wp","href":"https:\/\/api.w.org\/{rel}","templated":true}]}}