{"id":184,"date":"2017-09-22T10:43:24","date_gmt":"2017-09-22T10:43:24","guid":{"rendered":"https:\/\/cegrad.org\/index.php\/2017\/09\/22\/pocinje-mladi-su-zakon-projekat-posumljavanje-put-do-prostora-za-mlade\/"},"modified":"2017-09-22T10:43:24","modified_gmt":"2017-09-22T10:43:24","slug":"pocinje-mladi-su-zakon-projekat-posumljavanje-put-do-prostora-za-mlade","status":"publish","type":"post","link":"https:\/\/cegrad.org\/index.php\/2017\/09\/22\/pocinje-mladi-su-zakon-projekat-posumljavanje-put-do-prostora-za-mlade\/","title":{"rendered":"Po\u010dinje &#8222;Mladi su zakon&#8220; projekat &#8222;Po\u0161umljavanje: put do prostora za mlade&#8220;"},"content":{"rendered":"<p><img loading=\"lazy\" decoding=\"async\" src=\"images\/20768270_1216636635109121_4499638926936642969_n.jpg\" alt=\"20768270 1216636635109121 4499638926936642969 n\" width=\"200\" height=\"108\" style=\"margin-right: 10px; margin-left: 10px; float: left;\" \/>Projektom &#8222;Po\u0161umljavanje: put do prostora za mlade&#8220;, koji sprovodi&nbsp;<a href=\"https:\/\/www.facebook.com\/nesvrstanaumetnost\" target=\"_blank\" rel=\"noopener noreferrer\">Udru\u017eenje nesvrstanih umetnika<\/a>&nbsp;iz Vin\u010de, uz podr\u0161ku programa \u201cMladi su zakon\u201d i Ministarstva omladine i sporta, preko Resurs centra Centar za gra\u0111ansko delovanje, \u017eele se pokrenuti volonterske akcije \u010di\u0161\u0107enja i po\u0161umljavanja javnih zelenih povr\u0161ina na teritoriji Vin\u010de, Star\u010deva i Ivanova, sa ciljem da se odgovori na izazove lokalne zajednice, kao \u0161to su zaga\u0111enje prirode, nedostatak ure\u0111enih javnih prostora za odr\u017eavanje kulturnih manifestacija namenjenih mladima. Tokom realizacije projekta, u\u010desnike o\u010dekuju volonterske akcije \u010di\u0161\u0107enja obala Dunava i Bole\u010dice, edukativne radionice, kampovanje, dru\u017eenje i muzi\u010dki program.<\/p>\n<p><!--more--><\/p>\n<p>&nbsp;\u273f VI\u0160E DRVE\u0106A, VI\u0160E MUZIKE&nbsp;<\/p>\n<p>S obzirom da trenutno nema dovoljno drve\u0107a oko javnih zelenih povr\u0161ina koje bi slu\u017eilo kao efikasna zvu\u010dna izolacija, u naselju Vin\u010da nije mogu\u0107e odr\u017eavanje kulturnih manifestacija na ve\u0107ini javnih povr\u0161ina. To je bio razlog zbog koga je jedini omladinski kulturni centar u ovom delu Beograda, AKC \u201cEgzoprostor\u201d, bio primoran da prekine odr\u017eavanje koncerata na u\u0161\u010du reke Bole\u010dice u Dunav. Stoga \u0107e se kroz po\u0161umljavanje ovih javnih zelenih povr\u0161ina u Vin\u010di obezbediti uslovi za odr\u017eavanje kulturnih de\u0161avanja u budu\u0107nosti.&nbsp;<\/p>\n<p>U sklopu projekta bi\u0107e odr\u017ean&nbsp;<a href=\"https:\/\/www.facebook.com\/festivalringthealarm\/\" target=\"_blank\" rel=\"noopener noreferrer\">Festival ekologije, DIY (&#8222;uradi sam&#8220;) i urbane kulture &#8222;Ring the Alarm&#8220;<\/a>, u organizaciji&nbsp;<a href=\"https:\/\/www.facebook.com\/egzoprostor\" target=\"_blank\" rel=\"noopener noreferrer\">Autonomnog kulturnog centra \u201cEgzoprostor&#8220;<\/a>&nbsp;iz Vin\u010de. Festival \u0107e trajati od 29. septembra do 1. oktobra i ove godine \u0107e biti u znaku po\u0161umljavanja obale Dunava, s obzirom da su pro\u0161le godine dobro razdrmali Vin\u010du sa 10,000 w urbane kulture, i zaklju\u010dili da je za odr\u017eavanje kulturnih manifestacija ovog tipa potrebno mnogo vi\u0161e prirodne zvu\u010dne za\u0161tite, odnosno drve\u0107a.&nbsp;<\/p>\n<p>Festival se ove godine odr\u017eava na novoj lokaciji, preko puta Vin\u010de, u ataru ju\u017enog Banata, u blizini bare Hagla, 7 km jugozapadno od Star\u010deva, tj. 1.5 km od Vin\u010de. Za posetioce \u0107e biti organizovan prevoz od centra Beograda i Pan\u010deva, dok \u0107e biti dostupan i prevoz skelom od Vin\u010de do mesta odr\u017eavanja manifestacije.<\/p>\n<p>Na festivalu posetioce o\u010dekuje prostrana livada i gusta \u0161uma na obali reke Dunav. Prostor je idealan za kampovanje, vo\u017enju bicikla i druge aktivnosti u prirodi, a pre svega za dobar drum n bass, dub, reggae, dancehall i hip hop zvuk. Na festivalu \u0107e nastupiti veliki broj doma\u0107ih drum n bass, breakbeat, hip hop i reggae, dancehall umetnika iz cele Srbije.&nbsp;Vi\u0161e o festivalu mo\u017eete pogledati&nbsp;<a href=\"https:\/\/www.facebook.com\/events\/1273159246143924\/?acontext={%22action_history%22:%22[{\\%22surface\\%22:\\%22page\\%22,\\%22mechanism\\%22:\\%22page_upcoming_events_card\\%22,\\%22extra_data\\%22:[]}]%22,%22has_source%22:true}\" target=\"_blank\" rel=\"noopener noreferrer\">ovde<\/a>.&nbsp;<\/p>\n<p><img loading=\"lazy\" decoding=\"async\" src=\"images\/20952941_1968269240086845_3559605908955061809_n.jpg\" alt=\"20952941 1968269240086845 3559605908955061809 n\" width=\"400\" height=\"539\" style=\"display: block; margin-left: auto; margin-right: auto;\" \/><\/p>\n<p>\u273f PRE\u0110IMO PREKO REKE<\/p>\n<p>Ideja projekta je i da se motivi\u0161u mladi ljudi da iskoriste obli\u017enje po\u0161umljene javne povr\u0161ine na drugoj obali Dunava, u ju\u017enom delu Banata, za odr\u017eavanje koncerata, izlete, kampovanje, \u0161etnju ili vo\u017enju bicikla. Povezanost Vin\u010de i Star\u010deva, kao i Ritopeka i Ivanova re\u010dnim putem, omogu\u0107uje da se projekat sprovede na levoj i desnoj obali Dunava.&nbsp;<\/p>\n<p>\u273f SPASIMO UGRO\u017dENE VRSTE<\/p>\n<p>Tokom septembra i oktobra bi\u0107e zasa\u0111eno 500 sadnica ugro\u017eenih biljnih vrsta, kao \u0161to su hrast, crni bor, koprivi\u0107 i druge vrste. U isto vreme \u0107e se gotovo 100 volontera anga\u017eovati na uklanjanju divljih deponija, koje u zna\u010dajnoj meri ugro\u017eavaju lokalnu \u017eivotnu sredinu.&nbsp;<\/p>\n<p><img loading=\"lazy\" decoding=\"async\" src=\"images\/20882900_1967387613508341_2604495526830626186_n.jpg\" alt=\"20882900 1967387613508341 2604495526830626186 n\" width=\"400\" height=\"255\" style=\"display: block; margin-left: auto; margin-right: auto;\" \/><\/p>\n<p>\u273f UPOZNAJMO NOVA MESTA I LJUDE<\/p>\n<p>Me\u0111u lokacijama obuhva\u0107enih projektom su obala reke Bole\u010dice, obala reke Dunav, \u0161umsko zemlji\u0161te u Vin\u010di, kao i specijalni rezervat prirode &#8222;Ivanova\u010dka ada&#8220;, prirodna celina &#8222;Vin\u010danska bara&#8220; i bara Hagla. U projektu u\u010destvuju mladi iz Smedereva, Beograda, Kru\u0161evca, Ni\u0161a, Novog Sada, Subotice, Gnjilana, Pri\u0161tine i drugih gradova.<\/p>\n<p>Projekat se realizuje kroz program &#8222;Mladi su zakon &#8211; Ju\u017enobanatski i Beogradski okrug&#8220;, uz finansijsku podr\u0161ku Ministarstva omladine i sporta.<\/p>\n<p>&nbsp;<\/p>\n","protected":false},"excerpt":{"rendered":"<p>Projektom &#8222;Po\u0161umljavanje: put do prostora za mlade&#8220;, koji sprovodi&nbsp;Udru\u017eenje nesvrstanih umetnika&nbsp;iz Vin\u010de, uz podr\u0161ku programa \u201cMladi su zakon\u201d i Ministarstva omladine i sporta, preko Resurs centra Centar za gra\u0111ansko delovanje, \u017eele se pokrenuti volonterske akcije \u010di\u0161\u0107enja i po\u0161umljavanja javnih zelenih povr\u0161ina na teritoriji Vin\u010de, Star\u010deva i Ivanova, sa ciljem da se odgovori na izazove lokalne zajednice, kao \u0161to su zaga\u0111enje [&hellip;]<\/p>\n","protected":false},"author":1,"featured_media":0,"comment_status":"open","ping_status":"open","sticky":false,"template":"","format":"standard","meta":{"footnotes":""},"categories":[5],"tags":[],"class_list":["post-184","post","type-post","status-publish","format-standard","hentry","category-vesti-vesti"],"_links":{"self":[{"href":"https:\/\/cegrad.org\/index.php\/wp-json\/wp\/v2\/posts\/184","targetHints":{"allow":["GET"]}}],"collection":[{"href":"https:\/\/cegrad.org\/index.php\/wp-json\/wp\/v2\/posts"}],"about":[{"href":"https:\/\/cegrad.org\/index.php\/wp-json\/wp\/v2\/types\/post"}],"author":[{"embeddable":true,"href":"https:\/\/cegrad.org\/index.php\/wp-json\/wp\/v2\/users\/1"}],"replies":[{"embeddable":true,"href":"https:\/\/cegrad.org\/index.php\/wp-json\/wp\/v2\/comments?post=184"}],"version-history":[{"count":0,"href":"https:\/\/cegrad.org\/index.php\/wp-json\/wp\/v2\/posts\/184\/revisions"}],"wp:attachment":[{"href":"https:\/\/cegrad.org\/index.php\/wp-json\/wp\/v2\/media?parent=184"}],"wp:term":[{"taxonomy":"category","embeddable":true,"href":"https:\/\/cegrad.org\/index.php\/wp-json\/wp\/v2\/categories?post=184"},{"taxonomy":"post_tag","embeddable":true,"href":"https:\/\/cegrad.org\/index.php\/wp-json\/wp\/v2\/tags?post=184"}],"curies":[{"name":"wp","href":"https:\/\/api.w.org\/{rel}","templated":true}]}}