{"id":183,"date":"2017-09-22T10:31:40","date_gmt":"2017-09-22T10:31:40","guid":{"rendered":"https:\/\/cegrad.org\/index.php\/2017\/09\/22\/zavrsen-mladi-su-zakon-projekat-rok-kamp-za-devojcice\/"},"modified":"2017-09-22T10:31:40","modified_gmt":"2017-09-22T10:31:40","slug":"zavrsen-mladi-su-zakon-projekat-rok-kamp-za-devojcice","status":"publish","type":"post","link":"https:\/\/cegrad.org\/index.php\/2017\/09\/22\/zavrsen-mladi-su-zakon-projekat-rok-kamp-za-devojcice\/","title":{"rendered":"Zavr\u0161en &#8222;Mladi su zakon&#8220; projekat &#8222;Rok kamp za devoj\u010dice&#8220;"},"content":{"rendered":"<p><img loading=\"lazy\" decoding=\"async\" src=\"images\/rok_kamp_za_devojcice_koncert_3.jpg\" alt=\"rok kamp za devojcice koncert 3\" width=\"200\" height=\"120\" style=\"margin-right: 10px; margin-left: 10px; float: left;\" \/>Od po\u010detka 2017. godine grupa mladih devojaka entuzijasti\u010dno je pripremala prvi Rok kamp za devoj\u010dice u ovom delu Evrope koji se poslednje sedmice avgusta odr\u017eao u de\u010djem odmarali\u0161tu &#8222;\u0160uplja stena&#8220;.<\/p>\n<p><!--more--><\/p>\n<p>&nbsp;Avalom su se u nedelju \u010dule melodije \u010duvenih rok pesama poput &#8222;I love rock&#8217;n&#8217;roll &#8222;, &#8222;T&#8217;N&#8217;T&#8220; i &#8222;Marina&#8220;, koje su odsvirale mlade rokerke. Za koncert su se spremale nedelju dana na Rok kampu za devoj\u010dice, koji je podr\u017ealo Ministarstvo omladine i sporta kroz program &#8222;Mladi su zakon&#8220;, preko Resurs centra Centar za gra\u0111ansko delovanje, od 21. do 27. avgusta u de\u010djem odmarali\u0161tu &#8222;\u0160uplja stena&#8220;. Devoj\u010dice su tokom kampa osnovale 8 bendova &#8211; &#8222;Galaxy Girls&#8220;, &#8222;Rock Squad&#8220;, &#8222;Stairs to the Rock&#8220;, &#8222;Ne&#8220;, &#8222;B.A.S.S.&#8220;, &#8222;Hypnotic Punk&#8220;, &#8222;S.P.O.M.I.&#8220; i &#8222;TarLen&#8220;, a svaki bend je na koncertu odsvirao jednu pesmu. Publika, me\u0111u kojom su bili zainteresovani sugra\u0111ani i sugra\u0111anke i ponosne porodice u\u010desnica, odu\u0161evljeno je slu\u0161ala i gledala bubnjarke, gitaristkinje, basistkinje i klavijaturistkinje, prate\u0107i svaku pesmu aplauzom. Ve\u0107ina devoj\u010dica svoj instrument u ponedeljak je prvi put uzela u ruke, a kamp su zavr\u0161ile u nedelju glasno sviraju\u0107i celu pesmu!<\/p>\n<p><img loading=\"lazy\" decoding=\"async\" src=\"images\/rok_kamp_za_devojcice_zajednicka_fotografija_koncert.jpg\" alt=\"rok kamp za devojcice zajednicka fotografija koncert\" width=\"400\" height=\"267\" style=\"display: block; margin-left: auto; margin-right: auto;\" \/><\/p>\n<p>Pred kraj koncerta na binu je iza\u0161la Selena Simi\u0107, bubnjarka i vo\u0111a mentorskog tima prvog Rok kampa za devoj\u010dice u ovom delu Evrope, koja je govorila o velikom talentu i motivaciji svih 30 devoj\u010dica, koje su svakodnevno satima posve\u0107eno i strastveno ve\u017ebale na svojim instrumentima. Tamara Koji\u0107, u ime organizacionog tima, pozvala je sve pokrovitelje i partnere, ali i roditelje, medije, muzi\u010dke profesionalce da se aktivno uklju\u010de u pripreme slede\u0107eg izdanja zajedno sa FEMIKS timom i pridru\u017ee naporima da drugi Rok kamp za devoj\u010dice u regionu bude jo\u0161 uspe\u0161niji, ve\u0107i i vidljiviji.<\/p>\n<p>Na prvom Rok kampu za devoj\u010dice u ovom delu Evrope u\u010destvovalo je 30 devoj\u010dica iz razli\u010ditih delova zemlje, uzrasta od 10 do 14 godina. U\u010dile su da sviraju osnove gitare, bubnjeva, bas gitare i klavijatura, neke od njih su svoje ve\u0161tine usavr\u0161avale, i sa 8 mentorki, mladih muzi\u010darki sa alternativne scene pripremale se za svoj prvi rok koncert. Prvi Girls Rock kampovi osnovani su pre nekoliko decenija, a danas ih ima \u0161irom sveta.<\/p>\n<p><img loading=\"lazy\" decoding=\"async\" src=\"images\/rok_kamp_za_devojcice_zajednicka_fotografija.jpg\" alt=\"rok kamp za devojcice zajednicka fotografija\" width=\"400\" height=\"267\" style=\"display: block; margin-left: auto; margin-right: auto;\" \/><\/p>\n<p>Region je svoj prvi Rok kamp za devoj\u010dice dobio ove godine u organizaciji programa za afirmaciju \u017eenskog stvarala\u0161tva FEMIKS, a organizatorke se nadaju da \u0107e ih uskoro biti u svim susednim zemljama, jer se pokazalo da postoji veliko interesovanje.<\/p>\n","protected":false},"excerpt":{"rendered":"<p>Od po\u010detka 2017. godine grupa mladih devojaka entuzijasti\u010dno je pripremala prvi Rok kamp za devoj\u010dice u ovom delu Evrope koji se poslednje sedmice avgusta odr\u017eao u de\u010djem odmarali\u0161tu &#8222;\u0160uplja stena&#8220;.<\/p>\n","protected":false},"author":1,"featured_media":0,"comment_status":"open","ping_status":"open","sticky":false,"template":"","format":"standard","meta":{"footnotes":""},"categories":[5],"tags":[],"class_list":["post-183","post","type-post","status-publish","format-standard","hentry","category-vesti-vesti"],"_links":{"self":[{"href":"https:\/\/cegrad.org\/index.php\/wp-json\/wp\/v2\/posts\/183","targetHints":{"allow":["GET"]}}],"collection":[{"href":"https:\/\/cegrad.org\/index.php\/wp-json\/wp\/v2\/posts"}],"about":[{"href":"https:\/\/cegrad.org\/index.php\/wp-json\/wp\/v2\/types\/post"}],"author":[{"embeddable":true,"href":"https:\/\/cegrad.org\/index.php\/wp-json\/wp\/v2\/users\/1"}],"replies":[{"embeddable":true,"href":"https:\/\/cegrad.org\/index.php\/wp-json\/wp\/v2\/comments?post=183"}],"version-history":[{"count":0,"href":"https:\/\/cegrad.org\/index.php\/wp-json\/wp\/v2\/posts\/183\/revisions"}],"wp:attachment":[{"href":"https:\/\/cegrad.org\/index.php\/wp-json\/wp\/v2\/media?parent=183"}],"wp:term":[{"taxonomy":"category","embeddable":true,"href":"https:\/\/cegrad.org\/index.php\/wp-json\/wp\/v2\/categories?post=183"},{"taxonomy":"post_tag","embeddable":true,"href":"https:\/\/cegrad.org\/index.php\/wp-json\/wp\/v2\/tags?post=183"}],"curies":[{"name":"wp","href":"https:\/\/api.w.org\/{rel}","templated":true}]}}