{"id":182,"date":"2017-09-22T09:44:33","date_gmt":"2017-09-22T09:44:33","guid":{"rendered":"https:\/\/cegrad.org\/index.php\/2017\/09\/22\/poceo-mladi-su-zakon-projekat-rok-kamp-za-devojcice\/"},"modified":"2017-09-22T09:44:33","modified_gmt":"2017-09-22T09:44:33","slug":"poceo-mladi-su-zakon-projekat-rok-kamp-za-devojcice","status":"publish","type":"post","link":"https:\/\/cegrad.org\/index.php\/2017\/09\/22\/poceo-mladi-su-zakon-projekat-rok-kamp-za-devojcice\/","title":{"rendered":"Po\u010deo &#8222;Mladi su zakon&#8220; projekat &#8222;Rok kamp za devoj\u010dice&#8220;"},"content":{"rendered":"<p><img loading=\"lazy\" decoding=\"async\" src=\"images\/pdf\/Rok_kamp_za_devojcice_je_poceo.JPG\" alt=\"Rok kamp za devojcice je poceo\" width=\"200\" height=\"133\" style=\"margin-right: 10px; margin-left: 10px; float: left;\" \/>Trideset devoj\u010dica iz svih delova zemlje se u ponedeljak, 21. avgusta, okupilo i krenulo put Avale na prvi Rok kamp za devoj\u010dice u ovom delu Evrope, koji je podr\u017ean kroz &#8222;Mladi su zakon&#8220; program Ministarstva omladine i sporta, preko Resurs centra Centar za gra\u0111ansko delovanje. Me\u0111u njima su budu\u0107e bubnjarke, gitaristkinje, klavijaturistkinje i bas gitaristkinje, koje \u0107e tokom nedelju dana u\u010diti osnove sviranja jednog od ovih instrumenata, i avanturu zavr\u0161iti koncertom na otvorenoj bini odmarali\u0161ta \u201c\u0160uplja stena\u201d. Za koncert \u0107e ih kroz radionice instrumenata intenzivno pripremati 8 mladih muzi\u010darki sa doma\u0107e alternativne scene.<\/p>\n<p><!--more--><\/p>\n<p>&nbsp;Svi koji \u017eele da \u010duju \u0161ta su u\u010desnice savladale tokom nedelju dana i prisustvuju prvom koncertu novih nada doma\u0107eg rokenrola treba da potvrde svoj dolazak organizatorkama na femixinfo@gmail.com, SMS-om na 0603338160, ili putem <a href=\"http:\/\/www.facebook.com\/rokkampdevojcice\">Fejsbuk stranice Rok kamp za devoj\u010dice<\/a>, i tako obezbede svoje mesto u organizovanom prevozu od centra Beograda do Avale. Organizovani autobus koji \u0107e prevoziti zainteresovane do &#8222;\u0160uplje stene&#8220; polazi u 12 \u010dasova sa Glavne \u017eelezni\u010dke stanice u Beogradu.<\/p>\n<p><img loading=\"lazy\" decoding=\"async\" src=\"images\/pdf\/Klavijaturistkinje.png\" alt=\"Klavijaturistkinje\" width=\"400\" height=\"267\" style=\"display: block; margin-left: auto; margin-right: auto;\" \/><\/p>\n<p>Nakon uspe\u0161no organizovanih radionica bubnjeva za devoj\u010dice, za kojima je vladalo veliko interesovanje u vi\u0161e gradova, tim programa za afirmaciju \u017eenskog stvarala\u0161tva <a href=\"http:\/\/www.femix.info\/\">Femix<\/a> pokrenuo je prvi Rok kamp za devoj\u010dice u regionu, po uzoru na Girls Rock kampove koji se organizuju \u0161irom sveta&nbsp; skoro dve decenije. Ovim projektom FEMIX \u017eeli da podr\u017ei i ohrabri devoj\u010dice da se aktivnije, sa vi\u0161e sampouzdanja bave muzikom i sviranjem instrumenata koji se ne smatraju tipi\u010dno \u017eenskim i da im omogu\u0107i prostor da istaknu svoje talente i svoj potencijal.<\/p>\n<p><img loading=\"lazy\" decoding=\"async\" src=\"images\/pdf\/Basistkinje.JPG\" alt=\"Basistkinje\" width=\"400\" height=\"267\" style=\"display: block; margin-left: auto; margin-right: auto;\" \/><\/p>\n","protected":false},"excerpt":{"rendered":"<p>Trideset devoj\u010dica iz svih delova zemlje se u ponedeljak, 21. avgusta, okupilo i krenulo put Avale na prvi Rok kamp za devoj\u010dice u ovom delu Evrope, koji je podr\u017ean kroz &#8222;Mladi su zakon&#8220; program Ministarstva omladine i sporta, preko Resurs centra Centar za gra\u0111ansko delovanje. Me\u0111u njima su budu\u0107e bubnjarke, gitaristkinje, klavijaturistkinje i bas gitaristkinje, koje \u0107e tokom nedelju dana [&hellip;]<\/p>\n","protected":false},"author":1,"featured_media":0,"comment_status":"open","ping_status":"open","sticky":false,"template":"","format":"standard","meta":{"footnotes":""},"categories":[5],"tags":[],"class_list":["post-182","post","type-post","status-publish","format-standard","hentry","category-vesti-vesti"],"_links":{"self":[{"href":"https:\/\/cegrad.org\/index.php\/wp-json\/wp\/v2\/posts\/182","targetHints":{"allow":["GET"]}}],"collection":[{"href":"https:\/\/cegrad.org\/index.php\/wp-json\/wp\/v2\/posts"}],"about":[{"href":"https:\/\/cegrad.org\/index.php\/wp-json\/wp\/v2\/types\/post"}],"author":[{"embeddable":true,"href":"https:\/\/cegrad.org\/index.php\/wp-json\/wp\/v2\/users\/1"}],"replies":[{"embeddable":true,"href":"https:\/\/cegrad.org\/index.php\/wp-json\/wp\/v2\/comments?post=182"}],"version-history":[{"count":0,"href":"https:\/\/cegrad.org\/index.php\/wp-json\/wp\/v2\/posts\/182\/revisions"}],"wp:attachment":[{"href":"https:\/\/cegrad.org\/index.php\/wp-json\/wp\/v2\/media?parent=182"}],"wp:term":[{"taxonomy":"category","embeddable":true,"href":"https:\/\/cegrad.org\/index.php\/wp-json\/wp\/v2\/categories?post=182"},{"taxonomy":"post_tag","embeddable":true,"href":"https:\/\/cegrad.org\/index.php\/wp-json\/wp\/v2\/tags?post=182"}],"curies":[{"name":"wp","href":"https:\/\/api.w.org\/{rel}","templated":true}]}}