{"id":181,"date":"2017-09-22T09:36:28","date_gmt":"2017-09-22T09:36:28","guid":{"rendered":"https:\/\/cegrad.org\/index.php\/2017\/09\/22\/prvi-rok-kamp-za-devojcice-pocinje-sledece-nedelje-na-avali\/"},"modified":"2017-09-22T09:36:28","modified_gmt":"2017-09-22T09:36:28","slug":"prvi-rok-kamp-za-devojcice-pocinje-sledece-nedelje-na-avali","status":"publish","type":"post","link":"https:\/\/cegrad.org\/index.php\/2017\/09\/22\/prvi-rok-kamp-za-devojcice-pocinje-sledece-nedelje-na-avali\/","title":{"rendered":"Prvi &#8222;Rok kamp za devoj\u010dice&#8220; po\u010dinje slede\u0107e nedelje na Avali"},"content":{"rendered":"<p><img loading=\"lazy\" decoding=\"async\" src=\"images\/pdf\/Rok_kamp_1_dan.png\" alt=\"Rok kamp 1 dan\" width=\"200\" height=\"134\" style=\"margin-right: 10px; margin-left: 10px; float: left;\" \/>Po\u010detkom slede\u0107e nedelje 32 devoj\u010dice iz cele Srbije ima\u0107e priliku da oprobaju svoje muzi\u010dke ve\u0161tine na prvom &nbsp;<a href=\"https:\/\/www.facebook.com\/rokkampdevojcice\/\"><\/a><a href=\"https:\/\/www.facebook.com\/rokkampdevojcice\/\" target=\"_blank\" rel=\"noopener noreferrer\"><strong>Rok kampu za devoj\u010dice<\/strong><\/a>&nbsp;u ovom delu Evrope. Kamp \u0107e biti odr\u017ean od&nbsp;<strong>21. do 27. avgusta<\/strong>&nbsp;u de\u010djem odmarali\u0161tu \u201c\u0160uplja stena\u201d na Avali, gde \u0107e devoj\u010dice uzrasta od 10 do 14 godina u\u010diti osnove sviranja elektri\u010dne gitare, bas gitare, klavijatura ili bubnjeva. Vo\u0111ene mentorskim timom koji sa\u010dinjava osam aktivnih rok muzi\u010darki, pored upoznavanja sa instrumentima i osnovama sviranja, polaznice \u0107e u\u010diti o komponovanju muzike, pisanju tekstova, i spremati se za svoj prvi nastup,&nbsp;<a href=\"https:\/\/www.facebook.com\/events\/1996006433969198\" target=\"_blank\" rel=\"noopener noreferrer\">zavr\u0161ni koncert<\/a>.<\/p>\n<p><!--more--><\/p>\n<p>&nbsp;Na Rok kampu za devoj\u010dice radionice instrumenata vodi\u0107e mlade muzi\u010darke i kantautorke sa doma\u0107e scene, koje su se priklju\u010dile projektu sa velikom \u017eeljom i entuzijazmom da podstaknu novu generaciju rokerki. Za bubnjeve su zadu\u017eene&nbsp;<strong>Selena Simi\u0107<\/strong>&nbsp;(25, Smederevo) i&nbsp;<strong>Tamara Tasi\u0107<\/strong>&nbsp;(26, Beograd), koje su tokom 2015. vodile radionice bubnjeva za devoj\u010dice u nekoliko gradova. Odsek za gitaru predvode&nbsp;<strong>Tijana Milivojevi\u0107<\/strong>&nbsp;(22, U\u017eice) i kantautorka&nbsp;<strong>Na\u0111a Vra\u010dari\u0107&nbsp;<\/strong>(20, Novi Sad), a radionicama bas gitare bavi\u0107e se&nbsp;<strong>Anja Tvrtkovi\u0107<\/strong>&nbsp;(27, Beograd) sa&nbsp;<strong>Jelenom Mihi\u0107<\/strong>&nbsp;(26, Beograd).&nbsp;<strong>Marija Nikoli\u0107<\/strong>&nbsp;(34, Ni\u0161) i&nbsp;<strong>Isidora Dimi\u0107<\/strong>&nbsp;(33, Beograd) na\u0107i \u0107e se za klavijaturama.<\/p>\n<p>Rok kamp za devoj\u010dice ima\u0107e svoju veliku zavr\u0161nicu&nbsp;<strong>27. avgusta od 12.30h<\/strong>&nbsp;&#8211;&nbsp;<strong>koncert&nbsp;<\/strong>na otvorenoj bini \u201c\u0160uplje stene\u201d, kada \u0107e u\u010desnice nastupiti pred publikom, u bendovima koje su tokom kampa oformile. Nakon koncerta je na redu dru\u017eenje sa posetiocima i ponosnim porodicama, kada \u0107ete mo\u0107i da \u010destitate mladim muzi\u010darkama na njihovom prvom rok koncertu! Da sa\u010duvate svoje mesto u organizovanom prevozu od centra Beograda do Avale, javite se organizatorkama na&nbsp;<strong><span id=\"cloak3ea0b08aec89c1b58f8abaa8a98b1e4d\"><span id=\"cloakf2d48c5312e8dbed54092581593973c4\"><a href=\"mailto:femixinfo@gmail.com\">femixinfo@gmail.com<\/a><\/span><\/span><\/strong>, SMS-om na broj telefona&nbsp;<strong>060\/333-8160<\/strong>, ili porukom na<a href=\"https:\/\/www.facebook.com\/rokkampdevojcice\/\"><\/a>&nbsp;<a href=\"https:\/\/www.facebook.com\/rokkampdevojcice\/\">Facebooku<\/a>&nbsp;ili<a href=\"https:\/\/www.instagram.com\/rok_kamp_za_devojcice\/\"><\/a>&nbsp;<a href=\"https:\/\/www.instagram.com\/rok_kamp_za_devojcice\/\">Instagramu<\/a>.&nbsp;<strong>Ulaz je besplatan<\/strong>, dozvoljen ku\u0107nim ljubimcima, a deca su vi\u0161e nego dobrodo\u0161la na koncert svojih vr\u0161njakinja.<\/p>\n<p>Rok kamp za devoj\u010dice organizuje tim programa za afirmaciju \u017eenskog stvarala\u0161tva<a href=\"http:\/\/femix.info\/\"><\/a>&nbsp;<a href=\"http:\/\/femix.info\/\">Femix<\/a>, koji ovim projektom \u017eeli da ohrabri devoj\u010dice da se aktivnije, sa vi\u0161e sampouzdanja bave muzikom i sviranjem instrumenata koji se ne smatraju &#8222;tipi\u010dno \u017eenskim\u201d, da im omogu\u0107i prostor da istaknu svoje sposobnosti i pru\u017ei odsko\u010dnu dasku za dalji nastavak karijere.<\/p>\n<p>Rok kamp za devoj\u010dice se odr\u017eava zahvaljuju\u0107i podr\u0161ci SkyMusic produkcije, Trag fondacije, programa Superste ERSTE banke, Ministarstva omladine i sporta kroz program &#8222;Mladi su zakon&#8220;, preko Resurs centra Centar za gra\u0111ansko delovanje. Partneri projekta su GO Vra\u010dar, Triglav osiguranje, Proto, Disciplina, Ekipa Clothing, kola\u010di An\u0111eli, Fruvita, Universal Srbija i Rekonstrukcija \u017denski fond. Medijski sponzori kampa su Noizz i Hej! \u010dasopis.<\/p>\n","protected":false},"excerpt":{"rendered":"<p>Po\u010detkom slede\u0107e nedelje 32 devoj\u010dice iz cele Srbije ima\u0107e priliku da oprobaju svoje muzi\u010dke ve\u0161tine na prvom &nbsp;Rok kampu za devoj\u010dice&nbsp;u ovom delu Evrope. Kamp \u0107e biti odr\u017ean od&nbsp;21. do 27. avgusta&nbsp;u de\u010djem odmarali\u0161tu \u201c\u0160uplja stena\u201d na Avali, gde \u0107e devoj\u010dice uzrasta od 10 do 14 godina u\u010diti osnove sviranja elektri\u010dne gitare, bas gitare, klavijatura ili bubnjeva. Vo\u0111ene mentorskim timom [&hellip;]<\/p>\n","protected":false},"author":1,"featured_media":0,"comment_status":"open","ping_status":"open","sticky":false,"template":"","format":"standard","meta":{"footnotes":""},"categories":[5],"tags":[],"class_list":["post-181","post","type-post","status-publish","format-standard","hentry","category-vesti-vesti"],"_links":{"self":[{"href":"https:\/\/cegrad.org\/index.php\/wp-json\/wp\/v2\/posts\/181","targetHints":{"allow":["GET"]}}],"collection":[{"href":"https:\/\/cegrad.org\/index.php\/wp-json\/wp\/v2\/posts"}],"about":[{"href":"https:\/\/cegrad.org\/index.php\/wp-json\/wp\/v2\/types\/post"}],"author":[{"embeddable":true,"href":"https:\/\/cegrad.org\/index.php\/wp-json\/wp\/v2\/users\/1"}],"replies":[{"embeddable":true,"href":"https:\/\/cegrad.org\/index.php\/wp-json\/wp\/v2\/comments?post=181"}],"version-history":[{"count":0,"href":"https:\/\/cegrad.org\/index.php\/wp-json\/wp\/v2\/posts\/181\/revisions"}],"wp:attachment":[{"href":"https:\/\/cegrad.org\/index.php\/wp-json\/wp\/v2\/media?parent=181"}],"wp:term":[{"taxonomy":"category","embeddable":true,"href":"https:\/\/cegrad.org\/index.php\/wp-json\/wp\/v2\/categories?post=181"},{"taxonomy":"post_tag","embeddable":true,"href":"https:\/\/cegrad.org\/index.php\/wp-json\/wp\/v2\/tags?post=181"}],"curies":[{"name":"wp","href":"https:\/\/api.w.org\/{rel}","templated":true}]}}