{"id":175,"date":"2017-01-16T17:46:59","date_gmt":"2017-01-16T17:46:59","guid":{"rendered":"https:\/\/cegrad.org\/index.php\/2017\/01\/16\/podsetnik-o-volonterizmu-u-kriznim-situacijama-za-volonterima-trka-i-kad-nije-frka\/"},"modified":"2017-01-16T17:46:59","modified_gmt":"2017-01-16T17:46:59","slug":"podsetnik-o-volonterizmu-u-kriznim-situacijama-za-volonterima-trka-i-kad-nije-frka","status":"publish","type":"post","link":"https:\/\/cegrad.org\/index.php\/2017\/01\/16\/podsetnik-o-volonterizmu-u-kriznim-situacijama-za-volonterima-trka-i-kad-nije-frka\/","title":{"rendered":"Podsetnik o volonterizmu u kriznim situacijama &#8211; ZA VOLONTERIMA TRKA I KAD NIJE FRKA"},"content":{"rendered":"<p class=\"MsoNormal\"><span lang=\"sr-Latn-RS\" style=\"mso-ansi-language: #241A;\"><img loading=\"lazy\" decoding=\"async\" style=\"margin-left: 7px; margin-right: 7px; float: left;\" src=\"images\/prirucnik.png\" alt=\"\" width=\"127\" height=\"198\" \/> <\/span><span style=\"color: #1d2129; font-family: Helvetica, Arial, sans-serif; font-size: 13px; font-style: normal; font-variant-ligatures: normal; font-variant-caps: normal; font-weight: normal; letter-spacing: normal; orphans: 2; text-align: left; text-indent: 0px; text-transform: none; white-space: pre-wrap; widows: 2; word-spacing: 0px; -webkit-text-stroke-width: 0px; background-color: #ffffff; display: inline !important; float: none;\">Centar za gra\u0111ansko delovanje je, uz podr\u0161ku Ministarstva omladine i sporta i u saradnji sa partnerima iz deset gradova iz Srbije, u drugoj polovini 2016. godine realizovao projekat \u201eAktivizam mladih za vreme poplave &#8211; praksa i preporuke\u201c.<\/span><\/p>\n<p><!--more--><\/p>\n<p style=\"margin: 10px 0px 0px; white-space: pre-wrap; color: #1d2129; font-family: Helvetica, Arial, sans-serif; font-size: 13px; font-style: normal; font-variant-ligatures: normal; font-variant-caps: normal; font-weight: normal; letter-spacing: normal; orphans: 2; text-align: left; text-indent: 0px; text-transform: none; widows: 2; word-spacing: 0px; -webkit-text-stroke-width: 0px; background-color: #ffffff;\">Po dva predstavnika iz deset op\u0161tina iz Srbije koje su bile pogo\u0111ene poplavom, kroz trodnevni trening u Obrenovcu, pro\u0161li su sve korake koje mladi mogu preuzeti, a koji su va\u017eni i potrebni kada do\u0111e do neke elementarne nepogodne, sa fokusom na poplavu. Teme koje su obra\u0111ene su: kako organizovati i raditi sa volonterima, kako koordinirati sa lokalnom samoupravom, policijom, vojskom i sl., kako informisati javnost, \u0161ta je krizna komunikacija, koje su procedure, \u0161ta je plan evakuacije, terenski rad, zapisnici o \u0161teti, kako komunicirati sa donatorima, kako mapirati i distribuirati humanitarnu pomo\u0107 i sl. Obuka je obuhvatila i deo o omladinskoj politici i volonterskim servisima.<\/p>\n<p style=\"margin: 10px 0px 0px; white-space: pre-wrap; color: #1d2129; font-family: Helvetica, Arial, sans-serif; font-size: 13px; font-style: normal; font-variant-ligatures: normal; font-variant-caps: normal; font-weight: normal; letter-spacing: normal; orphans: 2; text-align: left; text-indent: 0px; text-transform: none; widows: 2; word-spacing: 0px; -webkit-text-stroke-width: 0px; background-color: #ffffff;\">U\u010desnici su na jednom mestu obuhvatili sve teme koje su va\u017ene za reagovanje u vanrednoj situaciji\/poplavi sa aspekta participacije i delovanja mladih. Krajnji produkt projekta je zajedni\u010dko kreiranje podsetnika koji se kao vodi\u010d mo\u017ee koristiti za budu\u0107e aktivnosti u sli\u010dnim okolnostima.<\/p>\n<p><a href=\"images\/Podsetnik-o-volonterizmu-u-kriznim-situacijama-ZA-VOLONTERIMA-TRKA-I-KAD-NIJE-FRKA.pdf\">Podsetnik o volonterizmu u kriznim situacijama &#8211; ZA VOLONTERIMA TRKA I KAD NIJE FRKA mo\u017eete preuzeti ovde<\/a>.<\/p>\n<p>\u00a0<\/p>\n<div class=\"MsoFooter caption\">\u00a0<\/div>\n<div class=\"MsoFooter caption\"><sub>Projekat <span lang=\"sr-Latn-RS\" style=\"mso-ansi-language: #241A;\">\u201e<\/span>Aktivizam mladih za vreme poplave &#8211; praksa i preporuke<span lang=\"sr-Latn-RS\" style=\"mso-ansi-language: #241A;\">\u201c<\/span>, sprovodi udru\u017eenje Centar za gra\u0111ansko delovanje, finansira Ministarstvo omladine i sporta Republike Srbije.<\/sub><\/div>\n<p>\u00a0<\/p>\n<p class=\"MsoFooter\"><img loading=\"lazy\" decoding=\"async\" style=\"display: block; margin-left: auto; margin-right: auto;\" src=\"http:\/\/youth.rs\/images\/logo%20cegrada.jpg\" alt=\"\" width=\"120\" height=\"122\" \/><img loading=\"lazy\" decoding=\"async\" style=\"display: block; margin-left: auto; margin-right: auto;\" src=\"http:\/\/youth.rs\/images\/logomos1.jpg\" alt=\"\" width=\"120\" height=\"60\" \/><\/p>\n<p>\u00a0<\/p>\n","protected":false},"excerpt":{"rendered":"<p>Centar za gra\u0111ansko delovanje je, uz podr\u0161ku Ministarstva omladine i sporta i u saradnji sa partnerima iz deset gradova iz Srbije, u drugoj polovini 2016. godine realizovao projekat \u201eAktivizam mladih za vreme poplave &#8211; praksa i preporuke\u201c.<\/p>\n","protected":false},"author":1,"featured_media":0,"comment_status":"open","ping_status":"open","sticky":false,"template":"","format":"standard","meta":{"footnotes":""},"categories":[4],"tags":[],"class_list":["post-175","post","type-post","status-publish","format-standard","hentry","category-vesti"],"_links":{"self":[{"href":"https:\/\/cegrad.org\/index.php\/wp-json\/wp\/v2\/posts\/175","targetHints":{"allow":["GET"]}}],"collection":[{"href":"https:\/\/cegrad.org\/index.php\/wp-json\/wp\/v2\/posts"}],"about":[{"href":"https:\/\/cegrad.org\/index.php\/wp-json\/wp\/v2\/types\/post"}],"author":[{"embeddable":true,"href":"https:\/\/cegrad.org\/index.php\/wp-json\/wp\/v2\/users\/1"}],"replies":[{"embeddable":true,"href":"https:\/\/cegrad.org\/index.php\/wp-json\/wp\/v2\/comments?post=175"}],"version-history":[{"count":0,"href":"https:\/\/cegrad.org\/index.php\/wp-json\/wp\/v2\/posts\/175\/revisions"}],"wp:attachment":[{"href":"https:\/\/cegrad.org\/index.php\/wp-json\/wp\/v2\/media?parent=175"}],"wp:term":[{"taxonomy":"category","embeddable":true,"href":"https:\/\/cegrad.org\/index.php\/wp-json\/wp\/v2\/categories?post=175"},{"taxonomy":"post_tag","embeddable":true,"href":"https:\/\/cegrad.org\/index.php\/wp-json\/wp\/v2\/tags?post=175"}],"curies":[{"name":"wp","href":"https:\/\/api.w.org\/{rel}","templated":true}]}}