{"id":171,"date":"2014-09-16T14:17:46","date_gmt":"2014-09-16T14:17:46","guid":{"rendered":"https:\/\/cegrad.org\/index.php\/2014\/09\/16\/projekat-hygiene-promotion-i-distrbucija-nfi-paketa\/"},"modified":"2014-09-16T14:17:46","modified_gmt":"2014-09-16T14:17:46","slug":"projekat-hygiene-promotion-i-distrbucija-nfi-paketa","status":"publish","type":"post","link":"https:\/\/cegrad.org\/index.php\/2014\/09\/16\/projekat-hygiene-promotion-i-distrbucija-nfi-paketa\/","title":{"rendered":"Projekat Hygiene promotion i distrbucija NFi paketa"},"content":{"rendered":"<p><span class=\"fbPhotoCaptionText\"><img decoding=\"async\" class=\"pull-left\" style=\"float: left;\" src=\"images\/10404190_470625039745666_4748599251794014427_n.jpg\" alt=\"\" width=\"200\" \/> Centar za gra\u0111ansko delovanje u saradnji sa Fondacijom za mlade Obrenovca i uz podr\u0161ku organizacije Save the Children u periodu od\u00a0\u00a0\u00a0 juna do septembra realizuje projekat &#8222;Hygiene promotion &#8222;.<\/span><\/p>\n<p><!--more--><\/p>\n<p>\u00a0<\/p>\n<p>\u00a0U realizaciju projekta uklju\u010deno je 6 mladih ljudi iz Obrenovca \u010dije se anga\u017eovanje odnosi na obilazak 550 porodica u gradskom podru\u010dju, promociju higijene i podelu higijenskih paketa, paketa za\u0161titne opreme i paketa sa opremom za doma\u0107instvo.<\/p>\n<p><span class=\"fbPhotoCaptionText\">Tokom prethodnog vikenda u Obrenovcu je distribuirano <\/span><span class=\"fbPhotoCaptionText\"><span class=\"fbPhotoCaptionText\">480 porodi\u010dnih paketa sa posteljinom, \u0107ebadima, pe\u0161kirima, krpama i posu\u0111em,\u00a0 <\/span> za najugro\u017eenije porodice iz Obrenovca \u010diji su domovi te\u0161ko o\u0161te\u0107eni tokom majskih poplava.\u00a0<\/span><\/p>\n<p><span class=\"fbPhotoCaptionText\"> Ova donacija obezbe\u0111ena je uz podr\u0161ku \u0160vedske me\u0111unarodne razvojne agencije SIDA.<\/span><\/p>\n<p>\u00a0<\/p>\n<p><span class=\"fbPhotoCaptionText\"><img decoding=\"async\" style=\"display: block; margin-left: auto; margin-right: auto;\" src=\"images\/10603471_470624719745698_2797583273991180812_n.jpg\" alt=\"\" \/><\/span><\/p>\n<p style=\"text-align: center;\"><img decoding=\"async\" src=\"images\/10616321_470624723079031_5853703263103320975_n.jpg\" alt=\"\" \/><\/p>\n<p style=\"text-align: center;\"><img decoding=\"async\" src=\"images\/10635818_470624779745692_1305141606442153437_n.jpg\" alt=\"\" \/><\/p>\n<p style=\"text-align: center;\"><img decoding=\"async\" src=\"images\/10676368_470625019745668_3021141565736678488_n.jpg\" alt=\"\" \/><\/p>\n<p><img decoding=\"async\" style=\"display: block; margin-left: auto; margin-right: auto;\" src=\"images\/10520893_470625076412329_2273604577863708147_n.jpg\" alt=\"\" \/><\/p>\n<p>\u00a0<\/p>\n","protected":false},"excerpt":{"rendered":"<p>Centar za gra\u0111ansko delovanje u saradnji sa Fondacijom za mlade Obrenovca i uz podr\u0161ku organizacije Save the Children u periodu od\u00a0\u00a0\u00a0 juna do septembra realizuje projekat &#8222;Hygiene promotion &#8222;.<\/p>\n","protected":false},"author":1,"featured_media":0,"comment_status":"open","ping_status":"open","sticky":false,"template":"","format":"standard","meta":{"footnotes":""},"categories":[5],"tags":[],"class_list":["post-171","post","type-post","status-publish","format-standard","hentry","category-vesti-vesti"],"_links":{"self":[{"href":"https:\/\/cegrad.org\/index.php\/wp-json\/wp\/v2\/posts\/171","targetHints":{"allow":["GET"]}}],"collection":[{"href":"https:\/\/cegrad.org\/index.php\/wp-json\/wp\/v2\/posts"}],"about":[{"href":"https:\/\/cegrad.org\/index.php\/wp-json\/wp\/v2\/types\/post"}],"author":[{"embeddable":true,"href":"https:\/\/cegrad.org\/index.php\/wp-json\/wp\/v2\/users\/1"}],"replies":[{"embeddable":true,"href":"https:\/\/cegrad.org\/index.php\/wp-json\/wp\/v2\/comments?post=171"}],"version-history":[{"count":0,"href":"https:\/\/cegrad.org\/index.php\/wp-json\/wp\/v2\/posts\/171\/revisions"}],"wp:attachment":[{"href":"https:\/\/cegrad.org\/index.php\/wp-json\/wp\/v2\/media?parent=171"}],"wp:term":[{"taxonomy":"category","embeddable":true,"href":"https:\/\/cegrad.org\/index.php\/wp-json\/wp\/v2\/categories?post=171"},{"taxonomy":"post_tag","embeddable":true,"href":"https:\/\/cegrad.org\/index.php\/wp-json\/wp\/v2\/tags?post=171"}],"curies":[{"name":"wp","href":"https:\/\/api.w.org\/{rel}","templated":true}]}}