{"id":170,"date":"2014-09-02T10:18:47","date_gmt":"2014-09-02T10:18:47","guid":{"rendered":"https:\/\/cegrad.org\/index.php\/2014\/09\/02\/sektor-omladina\/"},"modified":"2024-02-09T08:05:40","modified_gmt":"2024-02-09T08:05:40","slug":"sektor-omladina","status":"publish","type":"post","link":"https:\/\/cegrad.org\/index.php\/2014\/09\/02\/sektor-omladina\/","title":{"rendered":"Sektor omladina"},"content":{"rendered":"<p>U poslednjih nekoliko godina, u formalnim i neformalnim krugovima, \u010desto govorimo o tome kako nedostaje komunikacije u omladinskom sektoru. Nedostatak komunikacije kasnije dovodi do nedostatka koordinacije, zajdni\u010dkog odgovora na izazov i reagovanja na procese koji se de\u0161avaju u dru\u0161tvu.<\/p>\n<p><!--more--><\/p>\n<p>Prvi septembar je dan koji sve asocira na novi po\u010detak, pa smo zato i mi upravo tada organizovali prvi sastanak koji smo nazvali \u00abSektor omladina\u00bb. Ideja nam je da se svakog meseca sastajemo i razgovaramo o tome \u0161ta organizacije koje se bave mladima rade, \u0161ta radi dr\u017eava i \u0161ta su nam izazovi za naredni period. Verujemo da \u0107e ovi sastanci rezultirati boljem i integrisanom odgovoru i da \u0107e se roditi nova partnerstva.<\/p>\n<p>Neke od tema o kojima smo razgovarali na prvom sastanku su:<\/p>\n<p>&#8211;\u00a0\u00a0\u00a0\u00a0\u00a0\u00a0 Stanje u Obrenovcu, primer dobre prakse iz te op\u0161tine i kako to multiplicirati<\/p>\n<p>&#8211;\u00a0\u00a0\u00a0\u00a0\u00a0\u00a0 Transparentnost u konkursima Ministarstva omladine i sporta. Realizovani i obustavljeni.<\/p>\n<p>&#8211;\u00a0\u00a0\u00a0\u00a0\u00a0\u00a0 Izrada nove Nacionalne strategije za mlade, odnosno evaluacija predhodne.<\/p>\n<p>Sastanku su prisustvovali predstavnici i predstavnice KOMS-a, Obrenovac Youth Foundation, OKO, CeGraD, Gra\u0111anske inicijative, Centar E8, kao i pojedinci\/ke koji se bave omladinskom politikm.<\/p>\n<p>Naredni sastanak \u0107e biti organizovan 2. oktobra i na njega su pozvani i predstavnici\/ce drugih organizacija mladih i koje se bave mladima.<\/p>\n","protected":false},"excerpt":{"rendered":"<p>U poslednjih nekoliko godina, u formalnim i neformalnim krugovima, \u010desto govorimo o tome kako nedostaje komunikacije u omladinskom sektoru. Nedostatak komunikacije kasnije dovodi do nedostatka koordinacije, zajdni\u010dkog odgovora na izazov i reagovanja na procese koji se de\u0161avaju u dru\u0161tvu.<\/p>\n","protected":false},"author":1,"featured_media":723,"comment_status":"open","ping_status":"open","sticky":false,"template":"","format":"standard","meta":{"footnotes":""},"categories":[5],"tags":[],"class_list":["post-170","post","type-post","status-publish","format-standard","has-post-thumbnail","hentry","category-vesti-vesti"],"_links":{"self":[{"href":"https:\/\/cegrad.org\/index.php\/wp-json\/wp\/v2\/posts\/170","targetHints":{"allow":["GET"]}}],"collection":[{"href":"https:\/\/cegrad.org\/index.php\/wp-json\/wp\/v2\/posts"}],"about":[{"href":"https:\/\/cegrad.org\/index.php\/wp-json\/wp\/v2\/types\/post"}],"author":[{"embeddable":true,"href":"https:\/\/cegrad.org\/index.php\/wp-json\/wp\/v2\/users\/1"}],"replies":[{"embeddable":true,"href":"https:\/\/cegrad.org\/index.php\/wp-json\/wp\/v2\/comments?post=170"}],"version-history":[{"count":1,"href":"https:\/\/cegrad.org\/index.php\/wp-json\/wp\/v2\/posts\/170\/revisions"}],"predecessor-version":[{"id":724,"href":"https:\/\/cegrad.org\/index.php\/wp-json\/wp\/v2\/posts\/170\/revisions\/724"}],"wp:featuredmedia":[{"embeddable":true,"href":"https:\/\/cegrad.org\/index.php\/wp-json\/wp\/v2\/media\/723"}],"wp:attachment":[{"href":"https:\/\/cegrad.org\/index.php\/wp-json\/wp\/v2\/media?parent=170"}],"wp:term":[{"taxonomy":"category","embeddable":true,"href":"https:\/\/cegrad.org\/index.php\/wp-json\/wp\/v2\/categories?post=170"},{"taxonomy":"post_tag","embeddable":true,"href":"https:\/\/cegrad.org\/index.php\/wp-json\/wp\/v2\/tags?post=170"}],"curies":[{"name":"wp","href":"https:\/\/api.w.org\/{rel}","templated":true}]}}