{"id":169,"date":"2014-08-26T20:05:31","date_gmt":"2014-08-26T20:05:31","guid":{"rendered":"https:\/\/cegrad.org\/index.php\/2014\/08\/26\/zavrsne-aktivnosti-projekta-kutak-ze-decu\/"},"modified":"2014-08-26T20:05:31","modified_gmt":"2014-08-26T20:05:31","slug":"zavrsne-aktivnosti-projekta-kutak-ze-decu","status":"publish","type":"post","link":"https:\/\/cegrad.org\/index.php\/2014\/08\/26\/zavrsne-aktivnosti-projekta-kutak-ze-decu\/","title":{"rendered":"Zavr\u0161ne aktivnosti projekta &#8222;Kutak ze decu&#8220;"},"content":{"rendered":"<p><img decoding=\"async\" style=\"margin-left: 10px; margin-right: 10px; float: left;\" src=\"http:\/\/oyf.rs\/wp-content\/uploads\/2014\/08\/k2-300x300.jpg\" alt=\"\" width=\"200\" \/> Me\u0111unarodna organizacija\u00a0<a href=\"http:\/\/www.savethechildren.org\/\" target=\"_blank\" rel=\"noopener\">Save the children<\/a> je u saradnji sa\u00a0<a href=\"http:\/\/www.cim.org.rs\/\" target=\"_blank\" rel=\"noopener\">Centrom za integraciju mladih<\/a> i Centrom za gra\u0111ansko delovanje i uz podr\u0161ku <a href=\"http:\/\/obrenovac.rs\/\" target=\"_blank\" rel=\"noopener\">op\u0161tine Obrenovac<\/a>,\u00a0<a href=\"obrenovac.rs\/index.php?option=com_content&amp;view=article&amp;id=570&amp;Itemid=361\" target=\"_blank\" rel=\"noopener\">Kancelarije za mlade<\/a> i <a href=\"http:\/\/oyf.rs\/\" target=\"_blank\" rel=\"noopener\">Fondacije za mlade Obrenovc<\/a>a, po\u010detkom jula po\u010dela sa realizacijom aktivnosti u devet Kutaka za decu na teritoriji op\u0161tine Obrenovac, a u sredu i \u010detvrtak su povodom zavr\u0161etka projekta pripremljene zavr\u0161ne izlo\u017ebe i predstave koje su osmislila deca, a koje \u0107e se odr\u017eati po slede\u0107em rasporedu:<\/p>\n<p><!--more--><\/p>\n<p><em>sreda &#8211; 27. avgust<\/em><br \/><strong>Vrti\u0107 Nevena<\/strong><br \/>od 10 do 12h &#8211;\u00a0 izlo\u017eba za mla\u0111u decu<br \/>od 13.30 do15.30h &#8211; izlo\u017eba za stariju decu<\/p>\n<p><strong>Veliko Polje<\/strong> <br \/>od 11-13h &#8211;\u00a0 turnir u fudbalu<br \/>od 13-14h &#8211;\u00a0 dodela medalja i zahvalnica <br \/>Radovi \u0107e biti izlo\u017eeni sve vreme <br \/>od 14 do 16h &#8211;\u00a0 dru\u017eenje sa decom i roditeljima <\/p>\n<p><em>\u010detvrtak &#8211; 28. avgust<\/em><\/p>\n<p><strong>Piroman &#8211; Brovi\u0107<\/strong> <br \/>od 9.30-12.3 h &#8211;\u00a0 priredba, poligon i dodela zahvalnica i medalja<\/p>\n<p><strong>Veprovica<\/strong> <br \/>od 13.30 do 16.00h priredba <\/p>\n<p><strong>Zabre\u017eje<\/strong><br \/>od 10 do 11.30h &#8211;\u00a0 priredba <\/p>\n<p><strong>Poljane:<\/strong><br \/>od 14 do 15.30h &#8211;\u00a0 priredba <\/p>\n<p><strong>O\u0160 &#8222;Posavski partizani&#8220;<\/strong> :<br \/>od 13 do13.45h &#8211;\u00a0 predstava za mla\u0111u decu <br \/>od 15 do 15.45h &#8211;\u00a0 predstava za velike<br \/>Izlo\u017eba traje sve vreme <\/p>\n<p><strong>O\u0160 &#8222;Jovan Jovanovi\u0107 Zmaj&#8220;:<\/strong><br \/>od 10 do 11.30h &#8211;\u00a0 priredba mla\u0111e dece<br \/>od 14-15.30h &#8211;\u00a0 priredba starije dece <\/p>\n<p>\u00a0<br \/>Aktivnosti \u0107e biti odr\u017eane na ukupno 15 razli\u010ditih lokacija, zahvalnice za 1450 mali\u0161ana su spremne, a prva u nizu aktivnosti kojom obele\u017eavamo kraj leta se organizuje sutra u Obrenovcu, posetom Vojske Srbije i jednog tima koji je bio anga\u017eovan na evakuaciji gra\u0111ana u Obrenovcu.<\/p>\n<p>Nekoliko fotografija iz kutaka:<\/p>\n<p><img loading=\"lazy\" decoding=\"async\" style=\"display: block; margin-left: auto; margin-right: auto;\" src=\"https:\/\/scontent-a-fra.xx.fbcdn.net\/hphotos-xap1\/v\/t1.0-9\/s720x720\/10514494_703089696406398_1169227859220900066_n.jpg?oh=9c0bf734544526172eab06dccddb23ed&amp;oe=546ABE1B\" alt=\"\" width=\"400\" height=\"225\" \/><\/p>\n<p><img loading=\"lazy\" decoding=\"async\" style=\"display: block; margin-left: auto; margin-right: auto;\" src=\"https:\/\/scontent-a-fra.xx.fbcdn.net\/hphotos-xpf1\/v\/t1.0-9\/s720x720\/10464135_703089733073061_3413528086486089346_n.jpg?oh=cc65b51b97b11551283dd57af99fb983&amp;oe=547A0384\" alt=\"\" width=\"400\" height=\"225\" \/><\/p>\n<p><img loading=\"lazy\" decoding=\"async\" style=\"display: block; margin-left: auto; margin-right: auto;\" src=\"https:\/\/fbcdn-sphotos-g-a.akamaihd.net\/hphotos-ak-xaf1\/t1.0-9\/s720x720\/10419614_700384530010248_9198159216827049469_n.jpg\" alt=\"\" width=\"400\" height=\"224\" \/><\/p>\n<p><img loading=\"lazy\" decoding=\"async\" style=\"display: block; margin-left: auto; margin-right: auto;\" src=\"https:\/\/scontent-a-fra.xx.fbcdn.net\/hphotos-xap1\/v\/t1.0-9\/s720x720\/10514494_703089696406398_1169227859220900066_n.jpg?oh=9c0bf734544526172eab06dccddb23ed&amp;oe=546ABE1B\" alt=\"\" width=\"400\" height=\"225\" \/><\/p>\n","protected":false},"excerpt":{"rendered":"<p>Me\u0111unarodna organizacija\u00a0Save the children je u saradnji sa\u00a0Centrom za integraciju mladih i Centrom za gra\u0111ansko delovanje i uz podr\u0161ku op\u0161tine Obrenovac,\u00a0Kancelarije za mlade i Fondacije za mlade Obrenovca, po\u010detkom jula po\u010dela sa realizacijom aktivnosti u devet Kutaka za decu na teritoriji op\u0161tine Obrenovac, a u sredu i \u010detvrtak su povodom zavr\u0161etka projekta pripremljene zavr\u0161ne izlo\u017ebe i predstave koje su osmislila [&hellip;]<\/p>\n","protected":false},"author":1,"featured_media":0,"comment_status":"open","ping_status":"open","sticky":false,"template":"","format":"standard","meta":{"footnotes":""},"categories":[5],"tags":[],"class_list":["post-169","post","type-post","status-publish","format-standard","hentry","category-vesti-vesti"],"_links":{"self":[{"href":"https:\/\/cegrad.org\/index.php\/wp-json\/wp\/v2\/posts\/169","targetHints":{"allow":["GET"]}}],"collection":[{"href":"https:\/\/cegrad.org\/index.php\/wp-json\/wp\/v2\/posts"}],"about":[{"href":"https:\/\/cegrad.org\/index.php\/wp-json\/wp\/v2\/types\/post"}],"author":[{"embeddable":true,"href":"https:\/\/cegrad.org\/index.php\/wp-json\/wp\/v2\/users\/1"}],"replies":[{"embeddable":true,"href":"https:\/\/cegrad.org\/index.php\/wp-json\/wp\/v2\/comments?post=169"}],"version-history":[{"count":0,"href":"https:\/\/cegrad.org\/index.php\/wp-json\/wp\/v2\/posts\/169\/revisions"}],"wp:attachment":[{"href":"https:\/\/cegrad.org\/index.php\/wp-json\/wp\/v2\/media?parent=169"}],"wp:term":[{"taxonomy":"category","embeddable":true,"href":"https:\/\/cegrad.org\/index.php\/wp-json\/wp\/v2\/categories?post=169"},{"taxonomy":"post_tag","embeddable":true,"href":"https:\/\/cegrad.org\/index.php\/wp-json\/wp\/v2\/tags?post=169"}],"curies":[{"name":"wp","href":"https:\/\/api.w.org\/{rel}","templated":true}]}}