{"id":168,"date":"2014-08-26T15:22:43","date_gmt":"2014-08-26T15:22:43","guid":{"rendered":"https:\/\/cegrad.org\/index.php\/2014\/08\/26\/projekat-hygiene-promotion\/"},"modified":"2014-08-26T15:22:43","modified_gmt":"2014-08-26T15:22:43","slug":"projekat-hygiene-promotion","status":"publish","type":"post","link":"https:\/\/cegrad.org\/index.php\/2014\/08\/26\/projekat-hygiene-promotion\/","title":{"rendered":"Projekat Hygiene promotion"},"content":{"rendered":"<p><img decoding=\"async\" style=\"margin-left: 10px; margin-right: 10px; float: left;\" src=\"https:\/\/dl-web.dropbox.com\/get\/fotke%20fon\/HP\/III\/10603351_810416022342647_3737050551588061359_n.jpg?_subject_uid=49786226&amp;w=AADKMPoDKxU0drrME6I1z2GE8MaZ7a3_Ay-GUvUCl_csaw\" alt=\"\" width=\"200\" \/>Centar za gra\u0111ansko delovanje u saradnji sa Fondacijom za mlade Obrenovca i uz podr\u0161ku organizacije Save the Children u periodu od juna do septembra realizuje projekat &#8222;Hygiene promotion &#8222;.<\/p>\n<p><!--more--><\/p>\n<p>\u00a0U realizaciju projekta uklju\u010deno je 6 mladih ljudi iz Obrenovca \u010dije se anga\u017eovanje odnosi na obilazak 550 porodica u gradskom podru\u010dju, promociju higijene i podelu higijenskih paketa, paketa za\u0161titne opreme i paketa sa opremom za doma\u0107instvo.<\/p>\n<p><span class=\"fbPhotoCaptionText\"> Glavno sredstvo sporazumevanja prilikom distibucije paketa bili su osmesi po\u0161to je u akciji u\u010destvovao veliki broj mladih volontera iz raznih delova sveta, od Di\u017eona do Tokija.<\/span><\/p>\n<p>\u00a0<\/p>\n<p><span class=\"fbPhotoCaptionText\"><img loading=\"lazy\" decoding=\"async\" style=\"display: block; margin-left: auto; margin-right: auto;\" src=\"https:\/\/dl-web.dropbox.com\/get\/fotke%20fon\/HP\/III\/16712_810416012342648_3413310672896539023_n.jpg?_subject_uid=49786226&amp;w=AABmuzkuJhNbFg0vmmVB1c_IonijX4N7GB-WWpPcqZuGFA\" alt=\"\" width=\"400\" height=\"257\" \/><\/span><\/p>\n<p><span class=\"fbPhotoCaptionText\"><img loading=\"lazy\" decoding=\"async\" style=\"display: block; margin-left: auto; margin-right: auto;\" src=\"https:\/\/dl-web.dropbox.com\/get\/fotke%20fon\/HP\/III\/10616143_810416032342646_5913919077041584940_n.jpg?_subject_uid=49786226&amp;w=AAAWLHgB7HmcN2P0F2o9fi2OAEIAveueCnDbK8B9D-4OKQ\" alt=\"\" width=\"400\" height=\"267\" \/><\/span><\/p>\n<p><span class=\"fbPhotoCaptionText\"><img decoding=\"async\" style=\"display: block; margin-left: auto; margin-right: auto;\" src=\"https:\/\/dl-web.dropbox.com\/get\/fotke%20fon\/HP\/IV\/IMAG2122.jpg?_subject_uid=49786226&amp;w=AADklT-CXngqdz6aHs228Xj3mIGiU3RIus3vanaMS5hh1A\" alt=\"\" width=\"400\" \/><\/span><\/p>\n<p><span class=\"fbPhotoCaptionText\"><img decoding=\"async\" style=\"display: block; margin-left: auto; margin-right: auto;\" src=\"https:\/\/dl-web.dropbox.com\/get\/fotke%20fon\/HP\/IV\/P8220019.JPG?_subject_uid=49786226&amp;w=AADyL0TaF9fogGKYj6PGVVK4TegyPkYmUWoLCB_UHcC13A\" alt=\"\" width=\"400\" \/><img decoding=\"async\" style=\"display: block; margin-left: auto; margin-right: auto;\" src=\"https:\/\/dl-web.dropbox.com\/get\/fotke%20fon\/HP\/IV\/IMAG2125.jpg?_subject_uid=49786226&amp;w=AAAGosrPo7Gz9Z6i2LK2nCyC_NLjyih6ajDu28TNORntCw\" alt=\"\" width=\"400\" \/><\/span><\/p>\n<p>\u00a0<\/p>\n<p>\u00a0<\/p>\n<p>\u00a0<\/p>\n","protected":false},"excerpt":{"rendered":"<p>Centar za gra\u0111ansko delovanje u saradnji sa Fondacijom za mlade Obrenovca i uz podr\u0161ku organizacije Save the Children u periodu od juna do septembra realizuje projekat &#8222;Hygiene promotion &#8222;.<\/p>\n","protected":false},"author":1,"featured_media":0,"comment_status":"open","ping_status":"open","sticky":false,"template":"","format":"standard","meta":{"footnotes":""},"categories":[5],"tags":[],"class_list":["post-168","post","type-post","status-publish","format-standard","hentry","category-vesti-vesti"],"_links":{"self":[{"href":"https:\/\/cegrad.org\/index.php\/wp-json\/wp\/v2\/posts\/168","targetHints":{"allow":["GET"]}}],"collection":[{"href":"https:\/\/cegrad.org\/index.php\/wp-json\/wp\/v2\/posts"}],"about":[{"href":"https:\/\/cegrad.org\/index.php\/wp-json\/wp\/v2\/types\/post"}],"author":[{"embeddable":true,"href":"https:\/\/cegrad.org\/index.php\/wp-json\/wp\/v2\/users\/1"}],"replies":[{"embeddable":true,"href":"https:\/\/cegrad.org\/index.php\/wp-json\/wp\/v2\/comments?post=168"}],"version-history":[{"count":0,"href":"https:\/\/cegrad.org\/index.php\/wp-json\/wp\/v2\/posts\/168\/revisions"}],"wp:attachment":[{"href":"https:\/\/cegrad.org\/index.php\/wp-json\/wp\/v2\/media?parent=168"}],"wp:term":[{"taxonomy":"category","embeddable":true,"href":"https:\/\/cegrad.org\/index.php\/wp-json\/wp\/v2\/categories?post=168"},{"taxonomy":"post_tag","embeddable":true,"href":"https:\/\/cegrad.org\/index.php\/wp-json\/wp\/v2\/tags?post=168"}],"curies":[{"name":"wp","href":"https:\/\/api.w.org\/{rel}","templated":true}]}}