{"id":166,"date":"2014-07-06T20:15:56","date_gmt":"2014-07-06T20:15:56","guid":{"rendered":"https:\/\/cegrad.org\/index.php\/2014\/07\/06\/kutak-za-deca-i-mlade-od-danas-u-obrenovcu\/"},"modified":"2014-07-06T20:15:56","modified_gmt":"2014-07-06T20:15:56","slug":"kutak-za-deca-i-mlade-od-danas-u-obrenovcu","status":"publish","type":"post","link":"https:\/\/cegrad.org\/index.php\/2014\/07\/06\/kutak-za-deca-i-mlade-od-danas-u-obrenovcu\/","title":{"rendered":"Kutak za decu i mlade od danas u Obrenovcu"},"content":{"rendered":"<p><img decoding=\"async\" style=\"margin-left: 5px; margin-right: 5px; float: left;\" src=\"images\/10410460_10152238578287155_6649763568115013701_n.jpg\" alt=\" width=\" width=\"200\" \/><\/p>\n<p id=\"yui_3_16_0_1_1404250781190_351240\" class=\"yiv7585513175MsoNormal\">Me\u0111unarodna organizacija\u00a0<a id=\"yui_3_16_0_1_1404250781190_351288\" href=\"http:\/\/www.savethechildren.org\/\" target=\"_blank\" rel=\"nofollow noopener\" shape=\"rect\">Save the children<\/a>\u00a0je u saradnji sa <a href=\"http:\/\/www.cim.org.rs\/\" target=\"_blank\" rel=\"nofollow noopener\" shape=\"rect\">Centrom<\/a> za integraciju mladih i <b id=\"yui_3_16_0_1_1404250781190_351269\">Centrom za gradjansko delovanje<\/b>\u00a0zapo\u010dela realizaciju aktivnosti \u00a0u devet <b id=\"yui_3_16_0_1_1404250781190_351239\">Kutaka za decu<\/b> na teritoriji Obrenovca<b id=\"yui_3_16_0_1_1404250781190_351296\">. \u00a0\u00a0<\/b><b id=\"yui_3_16_0_1_1404250781190_351242\">Cilj Kutka za decu je da deci i mladima koji su pogo\u0111eni prirodnim katastrofama obezbedi sigurno okru\u017eenje i uslove za njihov razvoj, u\u010denje, igru i ja\u010danje njihove rezilijentnosti\u00a0na rizike kojima su izlo\u017eeni u novonastaloj situaciji<\/b>.\u00a0<\/p>\n<p><!--more--><\/p>\n<p id=\"yui_3_16_0_1_1404250781190_351243\" class=\"yiv7585513175MsoNormal\" style=\"text-align: justify;\">Iako je primarna svrha kutka za decu da podr\u017ei decu i mlade kroz kreativne, obrazovne i sportske aktivnosti, ovakav format rada sa decom, tako\u0111e\u00a0<b id=\"yui_3_16_0_1_1404250781190_351245\">obezbe\u0111uje podr\u0161ku roditeljima i starateljima<\/b>. Na kraju, slu\u017ei i kao neka vrsta usluge predaha za roditelje kojima treba dodatna podr\u0161ka kako bi se mogli posvetiti \u010di\u0161\u0107enju svojih domova i saniranju \u0161tete koju je zajednica pretprela.<\/p>\n<p id=\"yui_3_16_0_1_1404250781190_351247\" class=\"yiv7585513175MsoNormal\">Zbog specifi\u010dnosti naselja i mesta koja su pogo\u0111ena poplavama na teritoriji Obrenovca, aktivnosti \u0107e biti realizovane kroz dva modela Kutka za decu:<\/p>\n<p id=\"yui_3_16_0_1_1404250781190_351264\" class=\"yiv7585513175\">a)<span style=\"font-size: 7pt; font-family: 'Times New Roman';\">\u00a0\u00a0\u00a0\u00a0\u00a0 <\/span><b id=\"yui_3_16_0_1_1404250781190_351268\">Stati\u010dni Kutak za decu,<\/b> \u00a0tamo gde postoje uslovi da se obezbedi sigurno i bezbedno okru\u017eenje za rad sa decom su postavljeni \u0161atori koji \u0107e biti otvoreni za rad sa decom, mladima i roditeljima od <b>ponedeljka do \u010detvrtka od 9:15 do 16: 15, <\/b>na slede\u0107im lokacijama:<\/p>\n<p id=\"yui_3_16_0_1_1404250781190_351265\" class=\"yiv7585513175\">&#8211; dvori\u0161te osnovne \u0161kole &#8222;Posvaski partizani&#8220;<br \/>&#8211; dvori\u0161te osnovne \u0161kole &#8222;Jefimija&#8220;<br \/><span style=\"line-height: 1.3em;\">&#8211;\u00a0dvori\u0161te osnovne \u0161kole &#8222;Jovan Jovanovi\u0107 Zmaj&#8220;<\/span><\/p>\n<p id=\"yui_3_16_0_1_1404250781190_351251\" class=\"yiv7585513175\" style=\"margin-left: 0cm;\">b)\u00a0<b id=\"yui_3_16_0_1_1404250781190_351267\">Mobilni Kutak za decu i mlade<\/b>\u00a0\u0107e obezbe\u0111ivati podr\u0161ku deci i mladima u pet naselja koja nemaju infrastrukturu za uspostavljanje stati\u010dnih de\u010dijih kutaka:<\/p>\n<p id=\"yui_3_16_0_1_1404250781190_351253\" class=\"yiv7585513175\" style=\"margin-left: 0cm;\">&#8211; zgrada isturenog odeljenja osnovne \u0161kole &#8222;\u017divojin Peri\u0107&#8220; u Velikom Polju (ponedeljkom i sredom od 9:30 do 16:15)<br \/>&#8211; zgrada isturenog odeljenja osnovne \u0161kole &#8222;\u017divojin Peri\u0107&#8220; u Piromanu (utorkom i \u010detvrtkom, od 9:30 do 12:30)<br \/>&#8211; prostor Fudbalskog Kluba Zabre\u017eje (utorkom i \u010detvrtkom od 9:00 do 12:00)<br \/>&#8211; sportski teren u Veprovici (utorkom i \u010detvrtkom od 13:15 do 16:00)<br \/><span style=\"line-height: 1.3em;\">&#8211; zgrada Mesne zajednice u Poljanama (utorkom i \u010detvrtkom od 13:15 do 16:00)<\/span><\/p>\n<p class=\"MsoNormal\"><img decoding=\"async\" style=\"display: block; margin-left: auto; margin-right: auto;\" src=\"images\/10525618_10152240528977155_8719950227103446566_n.jpg\" alt=\"\" width=\"400\" \/>\u00a0<\/p>\n","protected":false},"excerpt":{"rendered":"<p>Me\u0111unarodna organizacija\u00a0Save the children\u00a0je u saradnji sa Centrom za integraciju mladih i Centrom za gradjansko delovanje\u00a0zapo\u010dela realizaciju aktivnosti \u00a0u devet Kutaka za decu na teritoriji Obrenovca. \u00a0\u00a0Cilj Kutka za decu je da deci i mladima koji su pogo\u0111eni prirodnim katastrofama obezbedi sigurno okru\u017eenje i uslove za njihov razvoj, u\u010denje, igru i ja\u010danje njihove rezilijentnosti\u00a0na rizike kojima su izlo\u017eeni u novonastaloj [&hellip;]<\/p>\n","protected":false},"author":1,"featured_media":0,"comment_status":"open","ping_status":"open","sticky":false,"template":"","format":"standard","meta":{"footnotes":""},"categories":[5],"tags":[],"class_list":["post-166","post","type-post","status-publish","format-standard","hentry","category-vesti-vesti"],"_links":{"self":[{"href":"https:\/\/cegrad.org\/index.php\/wp-json\/wp\/v2\/posts\/166","targetHints":{"allow":["GET"]}}],"collection":[{"href":"https:\/\/cegrad.org\/index.php\/wp-json\/wp\/v2\/posts"}],"about":[{"href":"https:\/\/cegrad.org\/index.php\/wp-json\/wp\/v2\/types\/post"}],"author":[{"embeddable":true,"href":"https:\/\/cegrad.org\/index.php\/wp-json\/wp\/v2\/users\/1"}],"replies":[{"embeddable":true,"href":"https:\/\/cegrad.org\/index.php\/wp-json\/wp\/v2\/comments?post=166"}],"version-history":[{"count":0,"href":"https:\/\/cegrad.org\/index.php\/wp-json\/wp\/v2\/posts\/166\/revisions"}],"wp:attachment":[{"href":"https:\/\/cegrad.org\/index.php\/wp-json\/wp\/v2\/media?parent=166"}],"wp:term":[{"taxonomy":"category","embeddable":true,"href":"https:\/\/cegrad.org\/index.php\/wp-json\/wp\/v2\/categories?post=166"},{"taxonomy":"post_tag","embeddable":true,"href":"https:\/\/cegrad.org\/index.php\/wp-json\/wp\/v2\/tags?post=166"}],"curies":[{"name":"wp","href":"https:\/\/api.w.org\/{rel}","templated":true}]}}