{"id":155,"date":"2007-01-09T16:53:59","date_gmt":"2007-01-09T16:53:59","guid":{"rendered":"https:\/\/cegrad.org\/index.php\/2007\/01\/09\/kola-za-komunikaciju-sa-gluvim-i-nagluvim-licima\/"},"modified":"2007-01-09T16:53:59","modified_gmt":"2007-01-09T16:53:59","slug":"kola-za-komunikaciju-sa-gluvim-i-nagluvim-licima","status":"publish","type":"post","link":"https:\/\/cegrad.org\/index.php\/2007\/01\/09\/kola-za-komunikaciju-sa-gluvim-i-nagluvim-licima\/","title":{"rendered":"\u0160kola za komunikaciju sa gluvim i nagluvim licima"},"content":{"rendered":"<p><img loading=\"lazy\" decoding=\"async\" src=\"http:\/\/www.youth.rs\/images\/stories\/IV\/racunar5.jpeg\" alt=\" \" width=\"100\" height=\"100\" align=\"left\" \/>Savez gluvih i nagluvih Srbije organizovao je petu &scaron;kolu obuke za komunikaciju sa gluvim i nagluvim licima.<br \/>Seminar je organizovan od 01.do 08.10.2006.godine u Be\u010di\u0107ima, u hotelu &laquo;Beograd&raquo;.Obukom \u010duju\u0107ih lica za komunikaociju sa gluvim i nagluvima, Savez gluvih i nagluvih Srbije \u010dini napore da olak&scaron;a polo\u017eaj gluvih lica kojih u Srbiji ima preko 30.000.<\/p>\n<p><!--more--><\/p>\n<p>Seminar je u sebi sadrzao tri nivoa obuke :<br \/>Kurs osnovne komunikacije sa gluvima <br \/>Kurs za prevodioce <br \/>Kurs za sudske tuma\u010de za gluva lica <\/p>\n<p>Po zavr&scaron;enoj &scaron;koli, vr&scaron;ila se provera znanja u\u010desnika, uz dobijanje diploma za prevodioce, sudske tuma\u010de za gluva lica, kao i potvrde o poznavanju osnova komunikacije sa gluvima.<\/p>\n<p>Centar za gradjansko delovanje, tj. Izvr&scaron;ni direktor organizacije Djordje &Scaron;koric, uzeo je u\u010de&scaron;\u0107e na ovom seminaru i po zavr&scaron;etku dobio potvrdu o poznavanju osnovne komunikacije sa gluvima.<\/p>\n<p>Centar za gradjansko delovanje pomo\u0107i \u0107e Savezu gluvih i nagluvih Srbije i poku&scaron;ati da dostaviti sve neophodne informacije vezane za ukupan broj gluvih i nagluvih na teritoriji op&scaron;tine Obrenovac, a takodje \u0107emo se anga\u017eovati i oko osnivanje kancelarije Udru\u017eenja SGNS u Obrenovcu.<\/p>\n<p><img loading=\"lazy\" decoding=\"async\" src=\"images\/stories\/glavna%20strana\/detalj%20sa%20seminara.jpg\" alt=\" \" width=\"360\" height=\"248\" \/><\/p>\n<div style=\"position: absolute;left: -3695px;\"><a href=\"http:\/\/bowdenitblog.tripod.com\">mgid advertising<\/a><\/div>\n<div style=\"position: absolute;left: -3906px;\"><a href=\"http:\/\/www.youtube.com\/watch?v=x_CJuK-kxT8\">\u30b8\u30e3\u30d1\u30f3\u30b7\u30fc\u30d5\u30fc\u30ba<\/a><\/div>\n","protected":false},"excerpt":{"rendered":"<p>Savez gluvih i nagluvih Srbije organizovao je petu &scaron;kolu obuke za komunikaciju sa gluvim i nagluvim licima.Seminar je organizovan od 01.do 08.10.2006.godine u Be\u010di\u0107ima, u hotelu &laquo;Beograd&raquo;.Obukom \u010duju\u0107ih lica za komunikaociju sa gluvim i nagluvima, Savez gluvih i nagluvih Srbije \u010dini napore da olak&scaron;a polo\u017eaj gluvih lica kojih u Srbiji ima preko 30.000.<\/p>\n","protected":false},"author":1,"featured_media":0,"comment_status":"open","ping_status":"open","sticky":false,"template":"","format":"standard","meta":{"footnotes":""},"categories":[5],"tags":[],"class_list":["post-155","post","type-post","status-publish","format-standard","hentry","category-vesti-vesti"],"_links":{"self":[{"href":"https:\/\/cegrad.org\/index.php\/wp-json\/wp\/v2\/posts\/155","targetHints":{"allow":["GET"]}}],"collection":[{"href":"https:\/\/cegrad.org\/index.php\/wp-json\/wp\/v2\/posts"}],"about":[{"href":"https:\/\/cegrad.org\/index.php\/wp-json\/wp\/v2\/types\/post"}],"author":[{"embeddable":true,"href":"https:\/\/cegrad.org\/index.php\/wp-json\/wp\/v2\/users\/1"}],"replies":[{"embeddable":true,"href":"https:\/\/cegrad.org\/index.php\/wp-json\/wp\/v2\/comments?post=155"}],"version-history":[{"count":0,"href":"https:\/\/cegrad.org\/index.php\/wp-json\/wp\/v2\/posts\/155\/revisions"}],"wp:attachment":[{"href":"https:\/\/cegrad.org\/index.php\/wp-json\/wp\/v2\/media?parent=155"}],"wp:term":[{"taxonomy":"category","embeddable":true,"href":"https:\/\/cegrad.org\/index.php\/wp-json\/wp\/v2\/categories?post=155"},{"taxonomy":"post_tag","embeddable":true,"href":"https:\/\/cegrad.org\/index.php\/wp-json\/wp\/v2\/tags?post=155"}],"curies":[{"name":"wp","href":"https:\/\/api.w.org\/{rel}","templated":true}]}}