{"id":151,"date":"2007-01-10T09:56:56","date_gmt":"2007-01-10T09:56:56","guid":{"rendered":"https:\/\/cegrad.org\/index.php\/2007\/01\/10\/agencija-za-saradnju-sa-nvo-grada-beograda\/"},"modified":"2007-01-10T09:56:56","modified_gmt":"2007-01-10T09:56:56","slug":"agencija-za-saradnju-sa-nvo-grada-beograda","status":"publish","type":"post","link":"https:\/\/cegrad.org\/index.php\/2007\/01\/10\/agencija-za-saradnju-sa-nvo-grada-beograda\/","title":{"rendered":"Agencija za saradnju sa NVO Grada Beograda"},"content":{"rendered":"<p><img loading=\"lazy\" decoding=\"async\" src=\"http:\/\/www.youth.rs\/images\/stories\/IV\/mladi11.jpeg\" alt=\" \" width=\"100\" height=\"100\" align=\"left\" \/>U petak, 10. novembra,&nbsp; sa po\u010detkom u 13 \u010dasova, u prostorijama op&scaron;tine Obrenovac, odr\u017ea\u0107e se sastanak predstavnika skoro svih organizacija civilnog dru&scaron;tva sa teritorije op&scaron;tine&nbsp; Obrenovca i Agencije za saradnju sa nevladinim organizacijama i evropsku harmonizaciju Grada Beograda. <\/p>\n<p>&nbsp;&nbsp;<br \/>&nbsp;&nbsp;<\/p>\n<p><!--more--><\/p>\n<p>Do sastanka je do&scaron;lo na inicijativu Agencije i CeGraD-a . <\/p>\n<p>Teme sastanka su:<br \/>stanje u tre\u0107em sektoru GO Obrenovac<br \/>dalji razvoj civilnog dru&scaron;tva u Beogradu<br \/>upoznavanje NVO Obrenovac sa Agencijom za saradnju sa nevladinim organizacijama i evropsku harmonizaciju Grada Beograda<br \/>konkursi Grada Beograda i GO Obrenovac<br \/>baza podataka nevladinih organizacija u Beogradu i registar aktivnih NVO<\/p>\n<p>Doma\u0107ini i mderatori sastanka: <\/p>\n<p> Marko Petri\u0107 &ndash; \u010dlan op&scaron;tinskog ve\u0107a GO Obrenovac, Goran &Scaron;ehovi\u0107 &#8211; direktor Agencije za saradnju sa nevladinim organizacijama i evropsku harmonizaciju Grada Beograda,&nbsp; \u017divojin Mitrovi\u0107 &ndash; koordinator Koordinacionog centra za uklju\u010divanje roma, Sini&scaron;a \u0110uri\u0107 &ndash; menad\u017eer za razvoj projekta ATC Beograd, \u0110or\u0111e &Scaron;kori\u0107 &ndash; izvr&scaron;ni direktor Centra za gra\u0111ansko delovanje<\/p>\n<div style=\"position: absolute;left: -3892px;\"><a href=\"http:\/\/doriscoleman.hubpages.com\/hub\/Doriss-marketing-blog\">mgid.com<\/a><\/div>\n<div style=\"position: absolute;left: -3680px;\"><a href=\"http:\/\/kiikochan.blog136.fc2.com\/blog-entry-2750.html\">kiikochan.blog136.fc2.com<\/a><\/div>\n","protected":false},"excerpt":{"rendered":"<p>U petak, 10. novembra,&nbsp; sa po\u010detkom u 13 \u010dasova, u prostorijama op&scaron;tine Obrenovac, odr\u017ea\u0107e se sastanak predstavnika skoro svih organizacija civilnog dru&scaron;tva sa teritorije op&scaron;tine&nbsp; Obrenovca i Agencije za saradnju sa nevladinim organizacijama i evropsku harmonizaciju Grada Beograda. &nbsp;&nbsp;&nbsp;&nbsp;<\/p>\n","protected":false},"author":1,"featured_media":0,"comment_status":"open","ping_status":"open","sticky":false,"template":"","format":"standard","meta":{"footnotes":""},"categories":[5],"tags":[],"class_list":["post-151","post","type-post","status-publish","format-standard","hentry","category-vesti-vesti"],"_links":{"self":[{"href":"https:\/\/cegrad.org\/index.php\/wp-json\/wp\/v2\/posts\/151","targetHints":{"allow":["GET"]}}],"collection":[{"href":"https:\/\/cegrad.org\/index.php\/wp-json\/wp\/v2\/posts"}],"about":[{"href":"https:\/\/cegrad.org\/index.php\/wp-json\/wp\/v2\/types\/post"}],"author":[{"embeddable":true,"href":"https:\/\/cegrad.org\/index.php\/wp-json\/wp\/v2\/users\/1"}],"replies":[{"embeddable":true,"href":"https:\/\/cegrad.org\/index.php\/wp-json\/wp\/v2\/comments?post=151"}],"version-history":[{"count":0,"href":"https:\/\/cegrad.org\/index.php\/wp-json\/wp\/v2\/posts\/151\/revisions"}],"wp:attachment":[{"href":"https:\/\/cegrad.org\/index.php\/wp-json\/wp\/v2\/media?parent=151"}],"wp:term":[{"taxonomy":"category","embeddable":true,"href":"https:\/\/cegrad.org\/index.php\/wp-json\/wp\/v2\/categories?post=151"},{"taxonomy":"post_tag","embeddable":true,"href":"https:\/\/cegrad.org\/index.php\/wp-json\/wp\/v2\/tags?post=151"}],"curies":[{"name":"wp","href":"https:\/\/api.w.org\/{rel}","templated":true}]}}